{"id":46005,"date":"2023-06-26T20:42:40","date_gmt":"2023-06-26T20:42:40","guid":{"rendered":"https:\/\/new.mediagroup.mx\/index.php\/2023\/06\/26\/tractocamion-intenta-ganarle-el-paso-al-tren-y-genera-descarrilamiento-2\/"},"modified":"2023-06-26T20:42:40","modified_gmt":"2023-06-26T20:42:40","slug":"tractocamion-intenta-ganarle-el-paso-al-tren-y-genera-descarrilamiento-2","status":"publish","type":"post","link":"https:\/\/mediagroup.mx\/index.php\/2023\/06\/26\/tractocamion-intenta-ganarle-el-paso-al-tren-y-genera-descarrilamiento-2\/","title":{"rendered":"Tractocami\u00f3n intenta ganarle el paso al tren y genera descarrilamiento"},"content":{"rendered":"<p>En rueda de prensa, el Gobernador de Michoac\u00e1n Alfredo Ram\u00edrez Bedolla confirm\u00f3 que el descarrilamiento del ferrocarril en los l\u00edmites de Gabriel Zamora y Nueva Italia, deriv\u00f3 del choque del tren y un tractocami\u00f3n que intent\u00f3 ganarle el paso.<\/p>\n<p>Al respecto Ram\u00edrez Bedolla detall\u00f3 que \u201caproximadamente a las 7:10 de la ma\u00f1ana, \u00bfQu\u00e9 pas\u00f3? En la carretera federal en un cruce un tr\u00e1iler trat\u00f3 de ganarle al tren y hubo un choque, el tren arroll\u00f3 al tr\u00e1iler, no hay p\u00e9rdida de vidas humanas y ese fue el motivo del descarrilamiento, es un accidente de tr\u00e1nsito\u201d.<\/p>\n<p>Aunado a lo anterior, el mandatario estatal recalc\u00f3 que \u201cno tiene que ver con el estado de la v\u00eda, se dio en una recta y es precisamente es donde tenemos el descarrilamiento\u201d.<\/p>\n<p>Al sitio acudieron elementos de Protecci\u00f3n Civil quienes revisaron a los dos maquinistas, mismos que resultaron con heridas menores y no requirieron el traslado a alg\u00fan hospital, adem\u00e1s al menos 7 vagones resultaron afectados.<\/p>\n<p>Desde temprana hora los servicios de emergencia fueron alertados sobre el suceso en el que un tr\u00e1iler colision\u00f3 provocando el descarrilamiento de la unidad en la comunidad de La Laguna.<br \/>\nEn el sitio se presentaron trabajadores de Kansas City para realizar las reparaciones correspondientes, siendo cerrada la circulaci\u00f3n de la carretera libre \u2013 Gabriel Zamora \u2013 Nueva Italia.<\/p>\n","protected":false},"excerpt":{"rendered":"<p>En rueda de prensa, el Gobernador de Michoac\u00e1n Alfredo Ram\u00edrez Bedolla confirm\u00f3 que el descarrilamiento del ferrocarril en los l\u00edmites de Gabriel Zamora y Nueva Italia, deriv\u00f3 del choque del tren y un tractocami\u00f3n que intent\u00f3 ganarle el paso. Al respecto Ram\u00edrez Bedolla detall\u00f3 que \u201caproximadamente a las 7:10 de la ma\u00f1ana, \u00bfQu\u00e9 pas\u00f3? En [&hellip;]<\/p>\n","protected":false},"author":1,"featured_media":44919,"comment_status":"open","ping_status":"open","sticky":false,"template":"","format":"standard","meta":{"om_disable_all_campaigns":false,"_monsterinsights_skip_tracking":false,"_monsterinsights_sitenote_active":false,"_monsterinsights_sitenote_note":"","_monsterinsights_sitenote_category":0,"_uf_show_specific_survey":0,"_uf_disable_surveys":false,"_jetpack_memberships_contains_paid_content":false,"footnotes":"","jetpack_publicize_message":"","jetpack_publicize_feature_enabled":true,"jetpack_social_post_already_shared":false,"jetpack_social_options":{"image_generator_settings":{"template":"highway","default_image_id":0,"enabled":false},"version":2}},"categories":[24],"tags":[],"class_list":{"0":"post-46005","1":"post","2":"type-post","3":"status-publish","4":"format-standard","5":"has-post-thumbnail","7":"category-seguridad"},"aioseo_notices":[],"jetpack_publicize_connections":[],"jetpack_featured_media_url":"https:\/\/mediagroup.mx\/wp-content\/uploads\/2023\/06\/E5EF4A7E-4BE5-4516-B8EB-B14C67AC411C.jpeg","jetpack_sharing_enabled":true,"_links":{"self":[{"href":"https:\/\/mediagroup.mx\/index.php\/wp-json\/wp\/v2\/posts\/46005","targetHints":{"allow":["GET"]}}],"collection":[{"href":"https:\/\/mediagroup.mx\/index.php\/wp-json\/wp\/v2\/posts"}],"about":[{"href":"https:\/\/mediagroup.mx\/index.php\/wp-json\/wp\/v2\/types\/post"}],"author":[{"embeddable":true,"href":"https:\/\/mediagroup.mx\/index.php\/wp-json\/wp\/v2\/users\/1"}],"replies":[{"embeddable":true,"href":"https:\/\/mediagroup.mx\/index.php\/wp-json\/wp\/v2\/comments?post=46005"}],"version-history":[{"count":0,"href":"https:\/\/mediagroup.mx\/index.php\/wp-json\/wp\/v2\/posts\/46005\/revisions"}],"wp:featuredmedia":[{"embeddable":true,"href":"https:\/\/mediagroup.mx\/index.php\/wp-json\/wp\/v2\/media\/44919"}],"wp:attachment":[{"href":"https:\/\/mediagroup.mx\/index.php\/wp-json\/wp\/v2\/media?parent=46005"}],"wp:term":[{"taxonomy":"category","embeddable":true,"href":"https:\/\/mediagroup.mx\/index.php\/wp-json\/wp\/v2\/categories?post=46005"},{"taxonomy":"post_tag","embeddable":true,"href":"https:\/\/mediagroup.mx\/index.php\/wp-json\/wp\/v2\/tags?post=46005"}],"curies":[{"name":"wp","href":"https:\/\/api.w.org\/{rel}","templated":true}]}}