{"id":46006,"date":"2023-06-26T20:42:40","date_gmt":"2023-06-26T20:42:40","guid":{"rendered":"https:\/\/new.mediagroup.mx\/index.php\/2023\/06\/26\/charenses-que-paguen-el-predial-podran-ganarse-un-auto-del-ano-2\/"},"modified":"2023-06-26T20:42:40","modified_gmt":"2023-06-26T20:42:40","slug":"charenses-que-paguen-el-predial-podran-ganarse-un-auto-del-ano-2","status":"publish","type":"post","link":"https:\/\/mediagroup.mx\/index.php\/2023\/06\/26\/charenses-que-paguen-el-predial-podran-ganarse-un-auto-del-ano-2\/","title":{"rendered":"Charenses que paguen el predial podr\u00e1n ganarse un auto del a\u00f1o"},"content":{"rendered":"<p>Por primera vez en la historia del municipio, las y los charenses que paguen su predial hasta el 28 de febrero del a\u00f1o en curso, participar\u00e1n en una rifa en la que podr\u00e1n ganar un autom\u00f3vil \u00faltimo modelo.<\/p>\n<p>As\u00ed lo dio a conocer el presidente municipal de Charo, Chava Cort\u00e9s, quien adem\u00e1s anunci\u00f3 que el dinero recaudado a trav\u00e9s de este impuesto, se destinar\u00e1 en el campo, programas sociales e infraestructura educativa.<\/p>\n<p>El alcalde a\u00f1adi\u00f3 que con el objetivo de facilitar la labor en el campo se van a tener subsidios para fertilizantes, semillas y otros herbicidas, adem\u00e1s de implementar de un Programa Peso a Peso para rehabilitar los caminos sacacosechas.<\/p>\n<p>Chava Cort\u00e9s resalt\u00f3 que as\u00ed como en el 2022 se llev\u00f3 a cabo exitosamente el programa de apoyos para las productoras y expendedoras de la tortilla, este a\u00f1o se extender\u00e1 a otros sectores, como los transportistas y alba\u00f1iles, a trav\u00e9s del cual se les beneficiar\u00e1 con aditamentos para su labor a un muy bajo costo.<\/p>\n<p>En el tema educativo, el presidente municipal reconoci\u00f3 que la infraestructura en las escuelas se encuentra en malas condiciones y que, ante la escasez de recursos federales y estatales, el Cabildo decidi\u00f3 de manera un\u00e1nime destinar recursos para mejorar los centros educativos, a trav\u00e9s de un programa que se dar\u00e1 a conocer en breve.<\/p>\n<p>Finalmente, Chava Cort\u00e9s agradeci\u00f3 la participaci\u00f3n de las y los charenses en el a\u00f1o 2022, pues gracias a ellos se rompi\u00f3 el r\u00e9cord de recaudaci\u00f3n del impuesto predial, por lo que los invit\u00f3 a seguir contribuyendo y participando con el Gobierno, que de manera transparente, da a conocer en qu\u00e9 se invierten los recursos.<\/p>\n<p>Cabe destacar que las \u00fanicas personas que podr\u00e1n participar en la rifa son quienes adem\u00e1s de pagar su impuesto predial hasta el 28 de febrero, tambi\u00e9n comprueben su residencia en el municipio de Charo.<\/p>\n<p>Durante su mensaje, el presidente municipal estuvo acompa\u00f1ado por la s\u00edndico Sara Edith Facio; las regidoras Mar\u00eda del Pilar Nez y Mayra Rojas, y los regidores Alcadio D\u00edaz, Jos\u00e9 Antonio Carabantes, Juan Carlos Ch\u00e1vez y Luis Rodolfo Maga\u00f1a.<\/p>\n","protected":false},"excerpt":{"rendered":"<p>Por primera vez en la historia del municipio, las y los charenses que paguen su predial hasta el 28 de febrero del a\u00f1o en curso, participar\u00e1n en una rifa en la que podr\u00e1n ganar un autom\u00f3vil \u00faltimo modelo. As\u00ed lo dio a conocer el presidente municipal de Charo, Chava Cort\u00e9s, quien adem\u00e1s anunci\u00f3 que el [&hellip;]<\/p>\n","protected":false},"author":1,"featured_media":44921,"comment_status":"open","ping_status":"open","sticky":false,"template":"","format":"standard","meta":{"om_disable_all_campaigns":false,"_monsterinsights_skip_tracking":false,"_monsterinsights_sitenote_active":false,"_monsterinsights_sitenote_note":"","_monsterinsights_sitenote_category":0,"_uf_show_specific_survey":0,"_uf_disable_surveys":false,"_jetpack_memberships_contains_paid_content":false,"footnotes":"","jetpack_publicize_message":"","jetpack_publicize_feature_enabled":true,"jetpack_social_post_already_shared":false,"jetpack_social_options":{"image_generator_settings":{"template":"highway","default_image_id":0,"enabled":false},"version":2}},"categories":[15],"tags":[],"class_list":{"0":"post-46006","1":"post","2":"type-post","3":"status-publish","4":"format-standard","5":"has-post-thumbnail","7":"category-michoacan"},"aioseo_notices":[],"jetpack_publicize_connections":[],"jetpack_featured_media_url":"https:\/\/mediagroup.mx\/wp-content\/uploads\/2023\/06\/89E3DD6C-BAE0-4235-9250-6A8A21F6FF59.jpeg","jetpack_sharing_enabled":true,"_links":{"self":[{"href":"https:\/\/mediagroup.mx\/index.php\/wp-json\/wp\/v2\/posts\/46006","targetHints":{"allow":["GET"]}}],"collection":[{"href":"https:\/\/mediagroup.mx\/index.php\/wp-json\/wp\/v2\/posts"}],"about":[{"href":"https:\/\/mediagroup.mx\/index.php\/wp-json\/wp\/v2\/types\/post"}],"author":[{"embeddable":true,"href":"https:\/\/mediagroup.mx\/index.php\/wp-json\/wp\/v2\/users\/1"}],"replies":[{"embeddable":true,"href":"https:\/\/mediagroup.mx\/index.php\/wp-json\/wp\/v2\/comments?post=46006"}],"version-history":[{"count":0,"href":"https:\/\/mediagroup.mx\/index.php\/wp-json\/wp\/v2\/posts\/46006\/revisions"}],"wp:featuredmedia":[{"embeddable":true,"href":"https:\/\/mediagroup.mx\/index.php\/wp-json\/wp\/v2\/media\/44921"}],"wp:attachment":[{"href":"https:\/\/mediagroup.mx\/index.php\/wp-json\/wp\/v2\/media?parent=46006"}],"wp:term":[{"taxonomy":"category","embeddable":true,"href":"https:\/\/mediagroup.mx\/index.php\/wp-json\/wp\/v2\/categories?post=46006"},{"taxonomy":"post_tag","embeddable":true,"href":"https:\/\/mediagroup.mx\/index.php\/wp-json\/wp\/v2\/tags?post=46006"}],"curies":[{"name":"wp","href":"https:\/\/api.w.org\/{rel}","templated":true}]}}