{"id":46008,"date":"2023-06-26T20:42:40","date_gmt":"2023-06-26T20:42:40","guid":{"rendered":"https:\/\/new.mediagroup.mx\/index.php\/2023\/06\/26\/anuncia-indaparapeo-su-proxima-fiesta-patronal-en-honor-a-nuestra-senora-de-la-paz-2\/"},"modified":"2023-06-26T20:42:40","modified_gmt":"2023-06-26T20:42:40","slug":"anuncia-indaparapeo-su-proxima-fiesta-patronal-en-honor-a-nuestra-senora-de-la-paz-2","status":"publish","type":"post","link":"https:\/\/mediagroup.mx\/index.php\/2023\/06\/26\/anuncia-indaparapeo-su-proxima-fiesta-patronal-en-honor-a-nuestra-senora-de-la-paz-2\/","title":{"rendered":"Anuncia Indaparapeo su pr\u00f3xima fiesta patronal en honor a \u201cNuestra Se\u00f1ora de la Paz\u201d"},"content":{"rendered":"<p>Con una celebraci\u00f3n que tendr\u00e1 lugar del pr\u00f3ximo 22 al 25 de enero, el municipio de Indaparapeo anunci\u00f3 las pr\u00f3ximas fiestas patronales en honor a la Virgen \u00abNuestra Se\u00f1ora de la Paz\u00bb, anunci\u00f3 el presidente municipal Erick Maga\u00f1a Garcidue\u00f1as.<\/p>\n<p>&nbsp;<\/p>\n<p>Desde las oficinas de la Secretar\u00eda de Turismo de Michoac\u00e1n, Erick Maga\u00f1a anunci\u00f3 que tendr\u00e1n diversos conciertos de distintas bandas en los que se tendr\u00e1 un ambiente completamente familiar.<\/p>\n<p>A\u00f1adi\u00f3 que para estas fiestas se estima la asistencia de alrededor de 5 mil personas al municipio, adem\u00e1s de que se espera una buena derrama econ\u00f3mica que ayudar\u00e1 a las familias de Indaparapeo.<\/p>\n<p>Por: Miguel Santos<\/p>\n","protected":false},"excerpt":{"rendered":"<p>Con una celebraci\u00f3n que tendr\u00e1 lugar del pr\u00f3ximo 22 al 25 de enero, el municipio de Indaparapeo anunci\u00f3 las pr\u00f3ximas fiestas patronales en honor a la Virgen \u00abNuestra Se\u00f1ora de la Paz\u00bb, anunci\u00f3 el presidente municipal Erick Maga\u00f1a Garcidue\u00f1as. &nbsp; Desde las oficinas de la Secretar\u00eda de Turismo de Michoac\u00e1n, Erick Maga\u00f1a anunci\u00f3 que tendr\u00e1n [&hellip;]<\/p>\n","protected":false},"author":1,"featured_media":44925,"comment_status":"open","ping_status":"open","sticky":false,"template":"","format":"standard","meta":{"om_disable_all_campaigns":false,"_monsterinsights_skip_tracking":false,"_monsterinsights_sitenote_active":false,"_monsterinsights_sitenote_note":"","_monsterinsights_sitenote_category":0,"_uf_show_specific_survey":0,"_uf_disable_surveys":false,"_jetpack_memberships_contains_paid_content":false,"footnotes":"","jetpack_publicize_message":"","jetpack_publicize_feature_enabled":true,"jetpack_social_post_already_shared":false,"jetpack_social_options":{"image_generator_settings":{"template":"highway","default_image_id":0,"enabled":false},"version":2}},"categories":[15],"tags":[],"class_list":{"0":"post-46008","1":"post","2":"type-post","3":"status-publish","4":"format-standard","5":"has-post-thumbnail","7":"category-michoacan"},"aioseo_notices":[],"jetpack_publicize_connections":[],"jetpack_featured_media_url":"https:\/\/mediagroup.mx\/wp-content\/uploads\/2023\/06\/A43B5F7D-7112-43EA-93BD-10BE5894402C.jpeg","jetpack_sharing_enabled":true,"_links":{"self":[{"href":"https:\/\/mediagroup.mx\/index.php\/wp-json\/wp\/v2\/posts\/46008","targetHints":{"allow":["GET"]}}],"collection":[{"href":"https:\/\/mediagroup.mx\/index.php\/wp-json\/wp\/v2\/posts"}],"about":[{"href":"https:\/\/mediagroup.mx\/index.php\/wp-json\/wp\/v2\/types\/post"}],"author":[{"embeddable":true,"href":"https:\/\/mediagroup.mx\/index.php\/wp-json\/wp\/v2\/users\/1"}],"replies":[{"embeddable":true,"href":"https:\/\/mediagroup.mx\/index.php\/wp-json\/wp\/v2\/comments?post=46008"}],"version-history":[{"count":0,"href":"https:\/\/mediagroup.mx\/index.php\/wp-json\/wp\/v2\/posts\/46008\/revisions"}],"wp:featuredmedia":[{"embeddable":true,"href":"https:\/\/mediagroup.mx\/index.php\/wp-json\/wp\/v2\/media\/44925"}],"wp:attachment":[{"href":"https:\/\/mediagroup.mx\/index.php\/wp-json\/wp\/v2\/media?parent=46008"}],"wp:term":[{"taxonomy":"category","embeddable":true,"href":"https:\/\/mediagroup.mx\/index.php\/wp-json\/wp\/v2\/categories?post=46008"},{"taxonomy":"post_tag","embeddable":true,"href":"https:\/\/mediagroup.mx\/index.php\/wp-json\/wp\/v2\/tags?post=46008"}],"curies":[{"name":"wp","href":"https:\/\/api.w.org\/{rel}","templated":true}]}}