{"id":46013,"date":"2023-06-26T20:42:40","date_gmt":"2023-06-26T20:42:40","guid":{"rendered":"https:\/\/new.mediagroup.mx\/index.php\/2023\/06\/26\/habitantes-del-ejido-santiaguito-reclaman-que-nuevo-implan-considera-no-urbanizables-13-mil-lotes-frente-al-bicentenario-2\/"},"modified":"2023-06-26T20:42:40","modified_gmt":"2023-06-26T20:42:40","slug":"habitantes-del-ejido-santiaguito-reclaman-que-nuevo-implan-considera-no-urbanizables-13-mil-lotes-frente-al-bicentenario-2","status":"publish","type":"post","link":"https:\/\/mediagroup.mx\/index.php\/2023\/06\/26\/habitantes-del-ejido-santiaguito-reclaman-que-nuevo-implan-considera-no-urbanizables-13-mil-lotes-frente-al-bicentenario-2\/","title":{"rendered":"Habitantes del Ejido Santiaguito reclaman que nuevo IMPLAN considera no urbanizables 13 mil lotes frente al bicentenario"},"content":{"rendered":"<p>Durante la realizaci\u00f3n del foro presencial de consulta p\u00fablica del Plan Municipal de Desarrollo Urbano 2023-2041 de la ciudad de Morelia, manifestantes pertenecientes al Ejido de Santiaguito, frente al Parque Bicentenario, se hicieron presentes con cartulinas en las que se acusaba que no se respeta con el nuevo IMPLAN los acuerdos tomados por la autoridad con anterioridad, pues este predio se fraccion\u00f3 hace 10 a\u00f1os y en la nueva propuesta se presentan como no urbanizables.<\/p>\n<p>Esto corresponde al Pol\u00edgono 7 del Ejido Santiaguito y abarca 13 mil predios en los fraccionamientos 16 de Agosto, Villas de Santiaguito, Santa In\u00e9s en sus etapas 1, 2 y 3 y Bicentenario, afectando a 13 mil familias, como inform\u00f3 en entrevista Joaqu\u00edn Lucio Romero, presidente del comisariado ejidal.<\/p>\n<p>Por: Jes\u00fas Gonz\u00e1lez<\/p>\n","protected":false},"excerpt":{"rendered":"<p>Durante la realizaci\u00f3n del foro presencial de consulta p\u00fablica del Plan Municipal de Desarrollo Urbano 2023-2041 de la ciudad de Morelia, manifestantes pertenecientes al Ejido de Santiaguito, frente al Parque Bicentenario, se hicieron presentes con cartulinas en las que se acusaba que no se respeta con el nuevo IMPLAN los acuerdos tomados por la autoridad [&hellip;]<\/p>\n","protected":false},"author":1,"featured_media":44935,"comment_status":"open","ping_status":"open","sticky":false,"template":"","format":"standard","meta":{"om_disable_all_campaigns":false,"_monsterinsights_skip_tracking":false,"_monsterinsights_sitenote_active":false,"_monsterinsights_sitenote_note":"","_monsterinsights_sitenote_category":0,"_uf_show_specific_survey":0,"_uf_disable_surveys":false,"_jetpack_memberships_contains_paid_content":false,"footnotes":"","jetpack_publicize_message":"","jetpack_publicize_feature_enabled":true,"jetpack_social_post_already_shared":false,"jetpack_social_options":{"image_generator_settings":{"template":"highway","default_image_id":0,"enabled":false},"version":2}},"categories":[17],"tags":[],"class_list":{"0":"post-46013","1":"post","2":"type-post","3":"status-publish","4":"format-standard","5":"has-post-thumbnail","7":"category-morelia"},"aioseo_notices":[],"jetpack_publicize_connections":[],"jetpack_featured_media_url":"https:\/\/mediagroup.mx\/wp-content\/uploads\/2023\/06\/B05A1293-9372-496C-8767-17E3A1C0DDE6.jpeg","jetpack_sharing_enabled":true,"_links":{"self":[{"href":"https:\/\/mediagroup.mx\/index.php\/wp-json\/wp\/v2\/posts\/46013","targetHints":{"allow":["GET"]}}],"collection":[{"href":"https:\/\/mediagroup.mx\/index.php\/wp-json\/wp\/v2\/posts"}],"about":[{"href":"https:\/\/mediagroup.mx\/index.php\/wp-json\/wp\/v2\/types\/post"}],"author":[{"embeddable":true,"href":"https:\/\/mediagroup.mx\/index.php\/wp-json\/wp\/v2\/users\/1"}],"replies":[{"embeddable":true,"href":"https:\/\/mediagroup.mx\/index.php\/wp-json\/wp\/v2\/comments?post=46013"}],"version-history":[{"count":0,"href":"https:\/\/mediagroup.mx\/index.php\/wp-json\/wp\/v2\/posts\/46013\/revisions"}],"wp:featuredmedia":[{"embeddable":true,"href":"https:\/\/mediagroup.mx\/index.php\/wp-json\/wp\/v2\/media\/44935"}],"wp:attachment":[{"href":"https:\/\/mediagroup.mx\/index.php\/wp-json\/wp\/v2\/media?parent=46013"}],"wp:term":[{"taxonomy":"category","embeddable":true,"href":"https:\/\/mediagroup.mx\/index.php\/wp-json\/wp\/v2\/categories?post=46013"},{"taxonomy":"post_tag","embeddable":true,"href":"https:\/\/mediagroup.mx\/index.php\/wp-json\/wp\/v2\/tags?post=46013"}],"curies":[{"name":"wp","href":"https:\/\/api.w.org\/{rel}","templated":true}]}}