{"id":46017,"date":"2023-06-26T20:42:44","date_gmt":"2023-06-26T20:42:44","guid":{"rendered":"https:\/\/new.mediagroup.mx\/index.php\/2023\/06\/26\/invita-samanta-flores-a-participar-en-el-primer-parlamento-de-mujeres-michoacanas-2\/"},"modified":"2023-06-26T20:42:44","modified_gmt":"2023-06-26T20:42:44","slug":"invita-samanta-flores-a-participar-en-el-primer-parlamento-de-mujeres-michoacanas-2","status":"publish","type":"post","link":"https:\/\/mediagroup.mx\/index.php\/2023\/06\/26\/invita-samanta-flores-a-participar-en-el-primer-parlamento-de-mujeres-michoacanas-2\/","title":{"rendered":"Invita Samanta Flores a participar en el primer parlamento de mujeres michoacanas"},"content":{"rendered":"<p>Con el objetivo de promover la participaci\u00f3n activa de las mujeres en la toma de decisiones, la diputada Samanta Flores Adame, quien integra la comisi\u00f3n de Igualdad Sustantiva y de G\u00e9nero, as\u00ed como el Comit\u00e9 Organizador, invita a las michoacanas a participar en el Primer Parlamento de Mujeres 2023 y presentar sus documentos antes del viernes 20 de enero.<\/p>\n<p>La legisladora record\u00f3 la importancia del desarrollo de este Parlamento, que se realizar\u00e1 por primera vez en el Congreso Del Estado de Michoac\u00e1n el 16 y 17 de marzo, como un espacio en el que se escuchar\u00e1n y analizar\u00e1n las iniciativas de ciudadanas, siendo ellas mismas quienes suban a tribuna a presentarlas, estas ser\u00e1n enfocadas en diferentes temas de los derechos de las mujeres e inter\u00e9s social.<\/p>\n<p>\u201cEste Parlamento es una gran oportunidad de participaci\u00f3n ciudadana, que por primera vez se llevar\u00e1 acabo en nuestro estado, es el momento y espacio adecuado para que las mujeres que quieren generar cambios en su entorno desde la pol\u00edtica, educaci\u00f3n, salud, econom\u00eda, en su centro laboral, su hogar, donde se encuentren, puedan ser escuchadas y ver su propuesta reflejada en una iniciativa de Ley. Todas podemos generar cambios y esta es una plataforma para materializarlos, es tiempo de las mujeres, hag\u00e1moslo nuestro\u201d, afirm\u00f3.<\/p>\n<p>Flores Adame detall\u00f3 que es una gran oportunidad para que las michoacanas sean voz desde la m\u00e1xima tribuna del estado y representen a m\u00e1s mujeres que quieren ser escuchadas y que tienen grandes propuestas.<\/p>\n<p>\u201cEs momento de que las mujeres cambiemos el rumbo de la pol\u00edtica, y estamos listas para construir un mejor Michoac\u00e1n, un mejor M\u00e9xico. Las invito a que participen en el 1er Parlamento de Mujeres que se llevar\u00e1 a cabo en el Congreso del Estado de Michoac\u00e1n; como mujeres, marquemos la pauta para una nueva pol\u00edtica. Este parlamento debe ser un espacio de respeto entre las diferencias, para construir entre las coincidencias, las mujeres tenemos la capacidad para marcar la pauta de una nueva pol\u00edtica y de una nueva forma de legislar\u201d.<\/p>\n<p>Reiter\u00f3 que el espacio est\u00e1 abierto para que participen todas las mujeres mayores de 18 a\u00f1os de edad, nacidas en Michoac\u00e1n o con residencia de al menos 2 a\u00f1os en la entidad; que cumplan con la originalidad, innovaci\u00f3n, impacto y relevancia social en la iniciativa presentada o en caso de presentar un proyecto social que plantee la resoluci\u00f3n de alg\u00fan problema en su municipio o en el estado.<\/p>\n<p>&nbsp;<\/p>\n<p>El 16 de febrero de 2023 dar\u00e1n a conocer los resultados de qui\u00e9nes ser\u00e1n las 40 participantes en este Parlamento a trav\u00e9s de la p\u00e1gina web www.congresomich.gob.mx<\/p>\n<p>Las iniciativas y proyectos sociales deber\u00e1n enfocarse en tem\u00e1ticas de desarrollo social y econ\u00f3mico; medio ambiente y desarrollo sustentable; salud y educaci\u00f3n; migraci\u00f3n, grupos vulnerables e ind\u00edgenas; seguridad p\u00fablica y cultura de la paz; y participaci\u00f3n ciudadana.<\/p>\n<p>Terminado el periodo de inscripciones, del 9 al 20 de enero, existe un plazo de 5 d\u00edas para la remisi\u00f3n de iniciativas y proyectos registrados al Jurado, el cual vence el 25 de enero de 2023.<\/p>\n<p>El jurado calificador est\u00e1 integrado por Fidel Calder\u00f3n Torreblanca, diputado local; Carolina Rangel Gracida, titular de la Secretaria de Igualdad Sustantiva y Desarrollo de las Mujeres; Yarab\u00ed \u00c1vila Gonz\u00e1lez, rectora de la Universidad Michoacana de San Nicol\u00e1s de Hidalgo (UMSNH); Tamara Prats Vidal, coordinadora de Igualdad de G\u00e9nero, No Discriminaci\u00f3n y Derechos Humanos del Instituto Electoral de Michoac\u00e1n; Erandi Reyes P\u00e9rez Casado, directora ejecutiva de Vinculaci\u00f3n y Servicio Profesional Electoral del IEM; Mar\u00eda de Jes\u00fas Garc\u00eda Ram\u00edrez, en representaci\u00f3n de la Universidad La Salle; Alfonso Arroyo Vel\u00e1zquez y Herlinda \u00c1lvarez Romero, investigadores del Instituto de Investigaciones y Estudios Legislativos.<\/p>\n","protected":false},"excerpt":{"rendered":"<p>Con el objetivo de promover la participaci\u00f3n activa de las mujeres en la toma de decisiones, la diputada Samanta Flores Adame, quien integra la comisi\u00f3n de Igualdad Sustantiva y de G\u00e9nero, as\u00ed como el Comit\u00e9 Organizador, invita a las michoacanas a participar en el Primer Parlamento de Mujeres 2023 y presentar sus documentos antes del [&hellip;]<\/p>\n","protected":false},"author":1,"featured_media":44943,"comment_status":"open","ping_status":"open","sticky":false,"template":"","format":"standard","meta":{"om_disable_all_campaigns":false,"_monsterinsights_skip_tracking":false,"_monsterinsights_sitenote_active":false,"_monsterinsights_sitenote_note":"","_monsterinsights_sitenote_category":0,"_uf_show_specific_survey":0,"_uf_disable_surveys":false,"_jetpack_memberships_contains_paid_content":false,"footnotes":"","jetpack_publicize_message":"","jetpack_publicize_feature_enabled":true,"jetpack_social_post_already_shared":false,"jetpack_social_options":{"image_generator_settings":{"template":"highway","default_image_id":0,"enabled":false},"version":2}},"categories":[15],"tags":[],"class_list":{"0":"post-46017","1":"post","2":"type-post","3":"status-publish","4":"format-standard","5":"has-post-thumbnail","7":"category-michoacan"},"aioseo_notices":[],"jetpack_publicize_connections":[],"jetpack_featured_media_url":"https:\/\/mediagroup.mx\/wp-content\/uploads\/2023\/06\/BF03EC31-299C-4EA0-8B30-54D1F0C37094.jpeg","jetpack_sharing_enabled":true,"_links":{"self":[{"href":"https:\/\/mediagroup.mx\/index.php\/wp-json\/wp\/v2\/posts\/46017","targetHints":{"allow":["GET"]}}],"collection":[{"href":"https:\/\/mediagroup.mx\/index.php\/wp-json\/wp\/v2\/posts"}],"about":[{"href":"https:\/\/mediagroup.mx\/index.php\/wp-json\/wp\/v2\/types\/post"}],"author":[{"embeddable":true,"href":"https:\/\/mediagroup.mx\/index.php\/wp-json\/wp\/v2\/users\/1"}],"replies":[{"embeddable":true,"href":"https:\/\/mediagroup.mx\/index.php\/wp-json\/wp\/v2\/comments?post=46017"}],"version-history":[{"count":0,"href":"https:\/\/mediagroup.mx\/index.php\/wp-json\/wp\/v2\/posts\/46017\/revisions"}],"wp:featuredmedia":[{"embeddable":true,"href":"https:\/\/mediagroup.mx\/index.php\/wp-json\/wp\/v2\/media\/44943"}],"wp:attachment":[{"href":"https:\/\/mediagroup.mx\/index.php\/wp-json\/wp\/v2\/media?parent=46017"}],"wp:term":[{"taxonomy":"category","embeddable":true,"href":"https:\/\/mediagroup.mx\/index.php\/wp-json\/wp\/v2\/categories?post=46017"},{"taxonomy":"post_tag","embeddable":true,"href":"https:\/\/mediagroup.mx\/index.php\/wp-json\/wp\/v2\/tags?post=46017"}],"curies":[{"name":"wp","href":"https:\/\/api.w.org\/{rel}","templated":true}]}}