{"id":46018,"date":"2023-06-26T20:42:44","date_gmt":"2023-06-26T20:42:44","guid":{"rendered":"https:\/\/new.mediagroup.mx\/index.php\/2023\/06\/26\/aplaude-75-legislatura-nuevo-parque-industrial-en-michoacan-2\/"},"modified":"2023-06-26T20:42:44","modified_gmt":"2023-06-26T20:42:44","slug":"aplaude-75-legislatura-nuevo-parque-industrial-en-michoacan-2","status":"publish","type":"post","link":"https:\/\/mediagroup.mx\/index.php\/2023\/06\/26\/aplaude-75-legislatura-nuevo-parque-industrial-en-michoacan-2\/","title":{"rendered":"Aplaude 75 Legislatura nuevo Parque Industrial en Michoac\u00e1n"},"content":{"rendered":"<p>El nuevo Parque Industrial \u201cEleva Park\u201d, que se desarrollar\u00e1 en el municipio de Tar\u00edmbaro, traer\u00e1 grandes beneficios para todo Michoac\u00e1n, afirm\u00f3 la diputada Julieta Garc\u00eda Zepeda, presidenta de la Mesa Directiva de la 75 Legislatura del Estado.<\/p>\n<p>Tras asistir a la presentaci\u00f3n del proyecto, Garc\u00eda Zepeda subray\u00f3 que el fortalecimiento del sector industrial es de suma importancia para el desarrollo econ\u00f3mico de cualquier entidad y Michoac\u00e1n no es la excepci\u00f3n.<\/p>\n<p>Asegur\u00f3 entonces que, desde el Poder Legislativo, se trabajar\u00e1 e impulsar\u00e1 a este tipo de proyectos para que Michoac\u00e1n sea un estado punta de lanza en la materia.<\/p>\n<p>\u201cVamos a respaldar desde el Poder Legislativo este tipo de iniciativas, que sin lugar a dudas son y ser\u00e1n de gran beneficio; con ello tambi\u00e9n vamos a posicionar al Estado como punta de lanza en materia industrial en el pa\u00eds, ah\u00ed radica la importancia de apostarle a la industrializaci\u00f3n y cambiarle el rostro a Michoac\u00e1n\u201d, asever\u00f3.<\/p>\n<p>La diputada Julieta Garc\u00eda, refiri\u00f3 que este tipo de acciones y proyectos genera confianza, certeza y certidumbre hacia d\u00f3nde debe ir Michoac\u00e1n; tambi\u00e9n es importante resaltar el que sea el sector empresarial el principal impulsor de estos proyectos, aunado al hecho de que Michoac\u00e1n est\u00e1 ubicado en una zona muy importante para la log\u00edstica industrial y empresarial de M\u00e9xico.<\/p>\n<p>En esta actividad, tambi\u00e9n estuvieron presentes el diputado J. Reyes Galindo Pedraza, coordinador del Grupo Parlamentario del PT; as\u00ed como el gobernador Alfredo Ram\u00edrez Bedolla; secretarios de Estado y empresarios michoacanos.<\/p>\n","protected":false},"excerpt":{"rendered":"<p>El nuevo Parque Industrial \u201cEleva Park\u201d, que se desarrollar\u00e1 en el municipio de Tar\u00edmbaro, traer\u00e1 grandes beneficios para todo Michoac\u00e1n, afirm\u00f3 la diputada Julieta Garc\u00eda Zepeda, presidenta de la Mesa Directiva de la 75 Legislatura del Estado. Tras asistir a la presentaci\u00f3n del proyecto, Garc\u00eda Zepeda subray\u00f3 que el fortalecimiento del sector industrial es de [&hellip;]<\/p>\n","protected":false},"author":1,"featured_media":44945,"comment_status":"open","ping_status":"open","sticky":false,"template":"","format":"standard","meta":{"om_disable_all_campaigns":false,"_monsterinsights_skip_tracking":false,"_monsterinsights_sitenote_active":false,"_monsterinsights_sitenote_note":"","_monsterinsights_sitenote_category":0,"_uf_show_specific_survey":0,"_uf_disable_surveys":false,"_jetpack_memberships_contains_paid_content":false,"footnotes":"","jetpack_publicize_message":"","jetpack_publicize_feature_enabled":true,"jetpack_social_post_already_shared":false,"jetpack_social_options":{"image_generator_settings":{"template":"highway","default_image_id":0,"enabled":false},"version":2}},"categories":[15],"tags":[],"class_list":{"0":"post-46018","1":"post","2":"type-post","3":"status-publish","4":"format-standard","5":"has-post-thumbnail","7":"category-michoacan"},"aioseo_notices":[],"jetpack_publicize_connections":[],"jetpack_featured_media_url":"https:\/\/mediagroup.mx\/wp-content\/uploads\/2023\/06\/8FFC0DC4-811E-48FE-A8FE-2D3C54107790.jpeg","jetpack_sharing_enabled":true,"_links":{"self":[{"href":"https:\/\/mediagroup.mx\/index.php\/wp-json\/wp\/v2\/posts\/46018","targetHints":{"allow":["GET"]}}],"collection":[{"href":"https:\/\/mediagroup.mx\/index.php\/wp-json\/wp\/v2\/posts"}],"about":[{"href":"https:\/\/mediagroup.mx\/index.php\/wp-json\/wp\/v2\/types\/post"}],"author":[{"embeddable":true,"href":"https:\/\/mediagroup.mx\/index.php\/wp-json\/wp\/v2\/users\/1"}],"replies":[{"embeddable":true,"href":"https:\/\/mediagroup.mx\/index.php\/wp-json\/wp\/v2\/comments?post=46018"}],"version-history":[{"count":0,"href":"https:\/\/mediagroup.mx\/index.php\/wp-json\/wp\/v2\/posts\/46018\/revisions"}],"wp:featuredmedia":[{"embeddable":true,"href":"https:\/\/mediagroup.mx\/index.php\/wp-json\/wp\/v2\/media\/44945"}],"wp:attachment":[{"href":"https:\/\/mediagroup.mx\/index.php\/wp-json\/wp\/v2\/media?parent=46018"}],"wp:term":[{"taxonomy":"category","embeddable":true,"href":"https:\/\/mediagroup.mx\/index.php\/wp-json\/wp\/v2\/categories?post=46018"},{"taxonomy":"post_tag","embeddable":true,"href":"https:\/\/mediagroup.mx\/index.php\/wp-json\/wp\/v2\/tags?post=46018"}],"curies":[{"name":"wp","href":"https:\/\/api.w.org\/{rel}","templated":true}]}}