{"id":46023,"date":"2023-06-26T20:42:44","date_gmt":"2023-06-26T20:42:44","guid":{"rendered":"https:\/\/new.mediagroup.mx\/index.php\/2023\/06\/26\/inversionistas-presentan-elevapark-nuevo-polo-de-atraccion-industrial-en-michoacan-2\/"},"modified":"2023-06-26T20:42:44","modified_gmt":"2023-06-26T20:42:44","slug":"inversionistas-presentan-elevapark-nuevo-polo-de-atraccion-industrial-en-michoacan-2","status":"publish","type":"post","link":"https:\/\/mediagroup.mx\/index.php\/2023\/06\/26\/inversionistas-presentan-elevapark-nuevo-polo-de-atraccion-industrial-en-michoacan-2\/","title":{"rendered":"Inversionistas presentan ElevaPark, nuevo polo de atracci\u00f3n industrial en Michoac\u00e1n"},"content":{"rendered":"<p>Acompa\u00f1ados por las autoridades del Gobierno del Estado y los municipios de Tar\u00edmbaro y Morelia, inversionistas presentaron este mi\u00e9rcoles el proyecto ElevaPark y el cual fungir\u00e1 como nuevo polo de atracci\u00f3n industrial con sede en la capital michoacana.<\/p>\n<p>Con la presencia del gobernador Alfredo Ram\u00edrez Bedolla, el director ejecutivo de grupo Citelis, Eduardo Ram\u00edrez D\u00edaz, expuso que el megaproyecto se instalar\u00e1 en la zona metropolitana de Morelia y Tar\u00edmbaro y tendr\u00e1 una derrama econ\u00f3mica por m\u00e1s de 665 millones de pesos para crear cerca de 28 mil empleos.<\/p>\n<p>Asimismo, el empresario destac\u00f3 que en un periodo de 10 a 15 a\u00f1os, Michoac\u00e1n podr\u00e1 ser parte del gran baj\u00edo mexicano, pues Elevapark, es el inicio de la transformaci\u00f3n para el desarrollo industrial y social del estado.<\/p>\n<p>Por su parte, el secretario de Desarrollo Econ\u00f3mico, Claudio M\u00e9ndez Fern\u00e1ndez, subray\u00f3 las ventajas de Michoac\u00e1n para convertirse en polo de inversi\u00f3n, ya que la entidad, cuenta con el puerto de L\u00e1zaro C\u00e1rdenas y desde el cual se pueden trasladar mercanc\u00edas a todo el pa\u00eds a trav\u00e9s del ferrocarril.<\/p>\n<p>Asimismo, el alcalde de Tar\u00edmbaro, Bladimir Gonz\u00e1lez Guti\u00e9rrez, explic\u00f3 que el parque se edificar\u00e1 con recursos de la iniciativa privada y del Fondo de Aportaciones para los municipios (FAIESPUM) y con lo que se ampliar\u00e1 la carretera que va del Aeropuerto Internacional de Morelia a la zona metropolitana de la capital del estado.<\/p>\n<p>Por: Oscar Mendoza<\/p>\n","protected":false},"excerpt":{"rendered":"<p>Acompa\u00f1ados por las autoridades del Gobierno del Estado y los municipios de Tar\u00edmbaro y Morelia, inversionistas presentaron este mi\u00e9rcoles el proyecto ElevaPark y el cual fungir\u00e1 como nuevo polo de atracci\u00f3n industrial con sede en la capital michoacana. Con la presencia del gobernador Alfredo Ram\u00edrez Bedolla, el director ejecutivo de grupo Citelis, Eduardo Ram\u00edrez D\u00edaz, [&hellip;]<\/p>\n","protected":false},"author":1,"featured_media":44955,"comment_status":"open","ping_status":"open","sticky":false,"template":"","format":"standard","meta":{"om_disable_all_campaigns":false,"_monsterinsights_skip_tracking":false,"_monsterinsights_sitenote_active":false,"_monsterinsights_sitenote_note":"","_monsterinsights_sitenote_category":0,"_uf_show_specific_survey":0,"_uf_disable_surveys":false,"_jetpack_memberships_contains_paid_content":false,"footnotes":"","jetpack_publicize_message":"","jetpack_publicize_feature_enabled":true,"jetpack_social_post_already_shared":false,"jetpack_social_options":{"image_generator_settings":{"template":"highway","default_image_id":0,"enabled":false},"version":2}},"categories":[15],"tags":[],"class_list":{"0":"post-46023","1":"post","2":"type-post","3":"status-publish","4":"format-standard","5":"has-post-thumbnail","7":"category-michoacan"},"aioseo_notices":[],"jetpack_publicize_connections":[],"jetpack_featured_media_url":"https:\/\/mediagroup.mx\/wp-content\/uploads\/2023\/06\/49CA7CF8-8A05-4CE4-822C-AE6BF14EBBC6.jpeg","jetpack_sharing_enabled":true,"_links":{"self":[{"href":"https:\/\/mediagroup.mx\/index.php\/wp-json\/wp\/v2\/posts\/46023","targetHints":{"allow":["GET"]}}],"collection":[{"href":"https:\/\/mediagroup.mx\/index.php\/wp-json\/wp\/v2\/posts"}],"about":[{"href":"https:\/\/mediagroup.mx\/index.php\/wp-json\/wp\/v2\/types\/post"}],"author":[{"embeddable":true,"href":"https:\/\/mediagroup.mx\/index.php\/wp-json\/wp\/v2\/users\/1"}],"replies":[{"embeddable":true,"href":"https:\/\/mediagroup.mx\/index.php\/wp-json\/wp\/v2\/comments?post=46023"}],"version-history":[{"count":0,"href":"https:\/\/mediagroup.mx\/index.php\/wp-json\/wp\/v2\/posts\/46023\/revisions"}],"wp:featuredmedia":[{"embeddable":true,"href":"https:\/\/mediagroup.mx\/index.php\/wp-json\/wp\/v2\/media\/44955"}],"wp:attachment":[{"href":"https:\/\/mediagroup.mx\/index.php\/wp-json\/wp\/v2\/media?parent=46023"}],"wp:term":[{"taxonomy":"category","embeddable":true,"href":"https:\/\/mediagroup.mx\/index.php\/wp-json\/wp\/v2\/categories?post=46023"},{"taxonomy":"post_tag","embeddable":true,"href":"https:\/\/mediagroup.mx\/index.php\/wp-json\/wp\/v2\/tags?post=46023"}],"curies":[{"name":"wp","href":"https:\/\/api.w.org\/{rel}","templated":true}]}}