{"id":46045,"date":"2023-06-26T20:42:47","date_gmt":"2023-06-26T20:42:47","guid":{"rendered":"https:\/\/new.mediagroup.mx\/index.php\/2023\/06\/26\/alfonso-martinez-celebra-disminucion-del-4-2-por-ciento-en-la-percepcion-de-inseguridad-en-morelia-2\/"},"modified":"2023-06-26T20:42:47","modified_gmt":"2023-06-26T20:42:47","slug":"alfonso-martinez-celebra-disminucion-del-4-2-por-ciento-en-la-percepcion-de-inseguridad-en-morelia-2","status":"publish","type":"post","link":"https:\/\/mediagroup.mx\/index.php\/2023\/06\/26\/alfonso-martinez-celebra-disminucion-del-4-2-por-ciento-en-la-percepcion-de-inseguridad-en-morelia-2\/","title":{"rendered":"Alfonso Mart\u00ednez celebra disminuci\u00f3n del 4.2 por ciento en la percepci\u00f3n de inseguridad en Morelia"},"content":{"rendered":"<p style=\"text-align: justify;\">Este lunes 23 de enero, se realiz\u00f3 el pase de lista de la Polic\u00eda Morelia en la Plaza Jard\u00edn Morelos, donde el presidente municipal, Alfonso Mart\u00ednez Alc\u00e1zar, resalt\u00f3 una disminuci\u00f3n de la percepci\u00f3n de inseguridad del 4.2 por ciento en la ciudad, seg\u00fan las cifras de la Encuesta Nacional de Seguridad P\u00fablica Urbana (ENSU) del \u00faltimo trimestre del 2022 realizada por el INEGI.<\/p>\n<p style=\"text-align: justify;\">En este sentido, agreg\u00f3 que est\u00e1n trabajando en el incremento del salario de los elementos desde que inici\u00f3 la administraci\u00f3n, ya con un aumento real del 21 por ciento; la Casa del Polic\u00eda que se inaugurar\u00e1 en dos semanas y en la dignificaci\u00f3n policial.<\/p>\n<p style=\"text-align: justify;\">A su vez, Alejandro Gonz\u00e1lez Cussi, comisionado Municipal de Seguridad Ciudadana, felicit\u00f3 a sus elementos, pues dijo que la ciudadan\u00eda est\u00e1 notando el esfuerzo del 500 por ciento.<\/p>\n<p style=\"text-align: justify;\">Cabe se\u00f1alar que de acuerdo a la ENSU publicado la semana pasada, en Morelia a diciembre del 2022, el 68.3 de los morelianos considera inseguro vivir en la ciudad, mientras que en el trimestre anterior fue del 72.5.<\/p>\n<p>Por: Jes\u00fas Gonz\u00e1lez<\/p>\n","protected":false},"excerpt":{"rendered":"<p>Este lunes 23 de enero, se realiz\u00f3 el pase de lista de la Polic\u00eda Morelia en la Plaza Jard\u00edn Morelos, donde el presidente municipal, Alfonso Mart\u00ednez Alc\u00e1zar, resalt\u00f3 una disminuci\u00f3n de la percepci\u00f3n de inseguridad del 4.2 por ciento en la ciudad, seg\u00fan las cifras de la Encuesta Nacional de Seguridad P\u00fablica Urbana (ENSU) del [&hellip;]<\/p>\n","protected":false},"author":1,"featured_media":44998,"comment_status":"open","ping_status":"open","sticky":false,"template":"","format":"standard","meta":{"om_disable_all_campaigns":false,"_monsterinsights_skip_tracking":false,"_monsterinsights_sitenote_active":false,"_monsterinsights_sitenote_note":"","_monsterinsights_sitenote_category":0,"_uf_show_specific_survey":0,"_uf_disable_surveys":false,"_jetpack_memberships_contains_paid_content":false,"footnotes":"","jetpack_publicize_message":"","jetpack_publicize_feature_enabled":true,"jetpack_social_post_already_shared":false,"jetpack_social_options":{"image_generator_settings":{"template":"highway","default_image_id":0,"enabled":false},"version":2}},"categories":[17],"tags":[],"class_list":{"0":"post-46045","1":"post","2":"type-post","3":"status-publish","4":"format-standard","5":"has-post-thumbnail","7":"category-morelia"},"aioseo_notices":[],"jetpack_publicize_connections":[],"jetpack_featured_media_url":"https:\/\/mediagroup.mx\/wp-content\/uploads\/2023\/06\/WhatsApp-Image-2023-01-23-at-10.13.45-AM.jpeg","jetpack_sharing_enabled":true,"_links":{"self":[{"href":"https:\/\/mediagroup.mx\/index.php\/wp-json\/wp\/v2\/posts\/46045","targetHints":{"allow":["GET"]}}],"collection":[{"href":"https:\/\/mediagroup.mx\/index.php\/wp-json\/wp\/v2\/posts"}],"about":[{"href":"https:\/\/mediagroup.mx\/index.php\/wp-json\/wp\/v2\/types\/post"}],"author":[{"embeddable":true,"href":"https:\/\/mediagroup.mx\/index.php\/wp-json\/wp\/v2\/users\/1"}],"replies":[{"embeddable":true,"href":"https:\/\/mediagroup.mx\/index.php\/wp-json\/wp\/v2\/comments?post=46045"}],"version-history":[{"count":0,"href":"https:\/\/mediagroup.mx\/index.php\/wp-json\/wp\/v2\/posts\/46045\/revisions"}],"wp:featuredmedia":[{"embeddable":true,"href":"https:\/\/mediagroup.mx\/index.php\/wp-json\/wp\/v2\/media\/44998"}],"wp:attachment":[{"href":"https:\/\/mediagroup.mx\/index.php\/wp-json\/wp\/v2\/media?parent=46045"}],"wp:term":[{"taxonomy":"category","embeddable":true,"href":"https:\/\/mediagroup.mx\/index.php\/wp-json\/wp\/v2\/categories?post=46045"},{"taxonomy":"post_tag","embeddable":true,"href":"https:\/\/mediagroup.mx\/index.php\/wp-json\/wp\/v2\/tags?post=46045"}],"curies":[{"name":"wp","href":"https:\/\/api.w.org\/{rel}","templated":true}]}}