{"id":46046,"date":"2023-06-26T20:42:47","date_gmt":"2023-06-26T20:42:47","guid":{"rendered":"https:\/\/new.mediagroup.mx\/index.php\/2023\/06\/26\/padre-e-hijo-son-atacados-con-arma-punzocortante-en-morelia-2\/"},"modified":"2023-06-26T20:42:47","modified_gmt":"2023-06-26T20:42:47","slug":"padre-e-hijo-son-atacados-con-arma-punzocortante-en-morelia-2","status":"publish","type":"post","link":"https:\/\/mediagroup.mx\/index.php\/2023\/06\/26\/padre-e-hijo-son-atacados-con-arma-punzocortante-en-morelia-2\/","title":{"rendered":"Padre e hijo son atacados con arma punzocortante en Morelia"},"content":{"rendered":"<p style=\"text-align: justify;\">Un hombre y su hijo quedaron malheridos al ser atacados por varios sujetos que les ocasionaron lesiones de arma punzocortante, esto en la ciudad de Morelia.<\/p>\n<p style=\"text-align: justify;\">De acuerdo con fuentes policiales, lo anterior sucedi\u00f3 la noche del pasado domingo. Se supo que un masculino lleg\u00f3 al Hospital Santa Fe, donde pidi\u00f3 ayuda, pues sufri\u00f3 da\u00f1o en el abdomen.<\/p>\n<p style=\"text-align: justify;\">La situaci\u00f3n fue reportada a la Polic\u00eda as\u00ed que acudieron unos patrulleros municipales, quienes apoyaron al paciente identificado como Antonio V, de 55 a\u00f1os de edad, mismo que les indic\u00f3 que su hijo tambi\u00e9n estaba lastimado y hab\u00eda sido llevado a un nosocomio.<\/p>\n<p style=\"text-align: justify;\">Por \u00faltimo, Antonio fue canalizado a otro hospital para su adecuada atenci\u00f3n m\u00e9dica. Se espera que las instancia competente emprenda las investigaciones respectivas del asunto, a efecto de esclarecerlo.<\/p>\n","protected":false},"excerpt":{"rendered":"<p>Un hombre y su hijo quedaron malheridos al ser atacados por varios sujetos que les ocasionaron lesiones de arma punzocortante, esto en la ciudad de Morelia. De acuerdo con fuentes policiales, lo anterior sucedi\u00f3 la noche del pasado domingo. Se supo que un masculino lleg\u00f3 al Hospital Santa Fe, donde pidi\u00f3 ayuda, pues sufri\u00f3 da\u00f1o [&hellip;]<\/p>\n","protected":false},"author":1,"featured_media":45000,"comment_status":"open","ping_status":"open","sticky":false,"template":"","format":"standard","meta":{"om_disable_all_campaigns":false,"_monsterinsights_skip_tracking":false,"_monsterinsights_sitenote_active":false,"_monsterinsights_sitenote_note":"","_monsterinsights_sitenote_category":0,"_uf_show_specific_survey":0,"_uf_disable_surveys":false,"_jetpack_memberships_contains_paid_content":false,"footnotes":"","jetpack_publicize_message":"","jetpack_publicize_feature_enabled":true,"jetpack_social_post_already_shared":false,"jetpack_social_options":{"image_generator_settings":{"template":"highway","default_image_id":0,"enabled":false},"version":2}},"categories":[24],"tags":[],"class_list":{"0":"post-46046","1":"post","2":"type-post","3":"status-publish","4":"format-standard","5":"has-post-thumbnail","7":"category-seguridad"},"aioseo_notices":[],"jetpack_publicize_connections":[],"jetpack_featured_media_url":"https:\/\/mediagroup.mx\/wp-content\/uploads\/2023\/06\/WhatsApp-Image-2023-01-23-at-12.08.10-PM.jpeg","jetpack_sharing_enabled":true,"_links":{"self":[{"href":"https:\/\/mediagroup.mx\/index.php\/wp-json\/wp\/v2\/posts\/46046","targetHints":{"allow":["GET"]}}],"collection":[{"href":"https:\/\/mediagroup.mx\/index.php\/wp-json\/wp\/v2\/posts"}],"about":[{"href":"https:\/\/mediagroup.mx\/index.php\/wp-json\/wp\/v2\/types\/post"}],"author":[{"embeddable":true,"href":"https:\/\/mediagroup.mx\/index.php\/wp-json\/wp\/v2\/users\/1"}],"replies":[{"embeddable":true,"href":"https:\/\/mediagroup.mx\/index.php\/wp-json\/wp\/v2\/comments?post=46046"}],"version-history":[{"count":0,"href":"https:\/\/mediagroup.mx\/index.php\/wp-json\/wp\/v2\/posts\/46046\/revisions"}],"wp:featuredmedia":[{"embeddable":true,"href":"https:\/\/mediagroup.mx\/index.php\/wp-json\/wp\/v2\/media\/45000"}],"wp:attachment":[{"href":"https:\/\/mediagroup.mx\/index.php\/wp-json\/wp\/v2\/media?parent=46046"}],"wp:term":[{"taxonomy":"category","embeddable":true,"href":"https:\/\/mediagroup.mx\/index.php\/wp-json\/wp\/v2\/categories?post=46046"},{"taxonomy":"post_tag","embeddable":true,"href":"https:\/\/mediagroup.mx\/index.php\/wp-json\/wp\/v2\/tags?post=46046"}],"curies":[{"name":"wp","href":"https:\/\/api.w.org\/{rel}","templated":true}]}}