{"id":46047,"date":"2023-06-26T20:42:47","date_gmt":"2023-06-26T20:42:47","guid":{"rendered":"https:\/\/new.mediagroup.mx\/index.php\/2023\/06\/26\/adultos-mayores-la-prioridad-en-la-agenda-legislativa-del-pes-2\/"},"modified":"2023-06-26T20:42:47","modified_gmt":"2023-06-26T20:42:47","slug":"adultos-mayores-la-prioridad-en-la-agenda-legislativa-del-pes-2","status":"publish","type":"post","link":"https:\/\/mediagroup.mx\/index.php\/2023\/06\/26\/adultos-mayores-la-prioridad-en-la-agenda-legislativa-del-pes-2\/","title":{"rendered":"Adultos Mayores, la prioridad en la agenda legislativa del PES"},"content":{"rendered":"<p style=\"text-align: justify;\">El crecimiento de la poblaci\u00f3n Adulta Mayor exige estrategias e infraestructura necesaria para garantizar el bienestar de este sector de la poblaci\u00f3n, no obstante, en la pr\u00e1ctica, las personas de la tercera edad padecen problem\u00e1ticas de salud asociadas a la vejez, el g\u00e9nero y la pobreza, adem\u00e1s de escasa protecci\u00f3n institucional y profundas desigualdades sociales que se observa tanto en entornos rurales como urbanos.<\/p>\n<p style=\"text-align: justify;\">Ante este escenario, Luz Mar\u00eda Garc\u00eda, Diputada del Partido Encuentro Solidario (PES) dedicar\u00e1 sus esfuerzos legislativos en el Congreso del Estado de Michoac\u00e1n para atender eficazmente a los adultos mayores.<\/p>\n<p style=\"text-align: justify;\">Durante 2022, la representante del PES, present\u00f3 ante el Congreso del Estado, una iniciativa para crear el Instituto Michoacano de Protecci\u00f3n y Atenci\u00f3n Integral de las Personas Adultas Mayores; propuesta que espera sea aprobada por la C\u00e1mara de Diputados para emprender acciones concretas y no s\u00f3lo desde el discurso.<\/p>\n<p style=\"text-align: justify;\">\u201cDurante el pr\u00f3ximo a\u00f1o no quitar\u00e9 el dedo del rengl\u00f3n para ofrecer una soluci\u00f3n real y operacional, con las atribuciones necesarias para que nuestros viejitos accedan a una atenci\u00f3n digna\u201d explic\u00f3 Garc\u00eda Garc\u00eda.<\/p>\n<p style=\"text-align: justify;\">El objetivo, dijo, es promover y garantizar los derechos humanos de las personas adultas mayores, quienes ante en contextos de enfermedad, discapacidad, pobreza o abandono, y requieren de la intervenci\u00f3n de programas y pol\u00edticas que contribuyan a la reducci\u00f3n de la vulnerabilidad en este grupo poblacional.<\/p>\n","protected":false},"excerpt":{"rendered":"<p>El crecimiento de la poblaci\u00f3n Adulta Mayor exige estrategias e infraestructura necesaria para garantizar el bienestar de este sector de la poblaci\u00f3n, no obstante, en la pr\u00e1ctica, las personas de la tercera edad padecen problem\u00e1ticas de salud asociadas a la vejez, el g\u00e9nero y la pobreza, adem\u00e1s de escasa protecci\u00f3n institucional y profundas desigualdades sociales [&hellip;]<\/p>\n","protected":false},"author":1,"featured_media":45002,"comment_status":"open","ping_status":"open","sticky":false,"template":"","format":"standard","meta":{"om_disable_all_campaigns":false,"_monsterinsights_skip_tracking":false,"_monsterinsights_sitenote_active":false,"_monsterinsights_sitenote_note":"","_monsterinsights_sitenote_category":0,"_uf_show_specific_survey":0,"_uf_disable_surveys":false,"_jetpack_memberships_contains_paid_content":false,"footnotes":"","jetpack_publicize_message":"","jetpack_publicize_feature_enabled":true,"jetpack_social_post_already_shared":false,"jetpack_social_options":{"image_generator_settings":{"template":"highway","default_image_id":0,"enabled":false},"version":2}},"categories":[15],"tags":[],"class_list":{"0":"post-46047","1":"post","2":"type-post","3":"status-publish","4":"format-standard","5":"has-post-thumbnail","7":"category-michoacan"},"aioseo_notices":[],"jetpack_publicize_connections":[],"jetpack_featured_media_url":"https:\/\/mediagroup.mx\/wp-content\/uploads\/2023\/06\/WhatsApp-Image-2023-01-02-at-4.42.19-PM.jpeg","jetpack_sharing_enabled":true,"_links":{"self":[{"href":"https:\/\/mediagroup.mx\/index.php\/wp-json\/wp\/v2\/posts\/46047","targetHints":{"allow":["GET"]}}],"collection":[{"href":"https:\/\/mediagroup.mx\/index.php\/wp-json\/wp\/v2\/posts"}],"about":[{"href":"https:\/\/mediagroup.mx\/index.php\/wp-json\/wp\/v2\/types\/post"}],"author":[{"embeddable":true,"href":"https:\/\/mediagroup.mx\/index.php\/wp-json\/wp\/v2\/users\/1"}],"replies":[{"embeddable":true,"href":"https:\/\/mediagroup.mx\/index.php\/wp-json\/wp\/v2\/comments?post=46047"}],"version-history":[{"count":0,"href":"https:\/\/mediagroup.mx\/index.php\/wp-json\/wp\/v2\/posts\/46047\/revisions"}],"wp:featuredmedia":[{"embeddable":true,"href":"https:\/\/mediagroup.mx\/index.php\/wp-json\/wp\/v2\/media\/45002"}],"wp:attachment":[{"href":"https:\/\/mediagroup.mx\/index.php\/wp-json\/wp\/v2\/media?parent=46047"}],"wp:term":[{"taxonomy":"category","embeddable":true,"href":"https:\/\/mediagroup.mx\/index.php\/wp-json\/wp\/v2\/categories?post=46047"},{"taxonomy":"post_tag","embeddable":true,"href":"https:\/\/mediagroup.mx\/index.php\/wp-json\/wp\/v2\/tags?post=46047"}],"curies":[{"name":"wp","href":"https:\/\/api.w.org\/{rel}","templated":true}]}}