{"id":46462,"date":"2023-06-26T20:43:58","date_gmt":"2023-06-26T20:43:58","guid":{"rendered":"https:\/\/new.mediagroup.mx\/index.php\/2023\/06\/26\/exgobernador-de-tamaulipas-es-condenado-a-9-anos-de-prision-en-eu\/"},"modified":"2023-06-26T20:43:58","modified_gmt":"2023-06-26T20:43:58","slug":"exgobernador-de-tamaulipas-es-condenado-a-9-anos-de-prision-en-eu","status":"publish","type":"post","link":"https:\/\/mediagroup.mx\/index.php\/2023\/06\/26\/exgobernador-de-tamaulipas-es-condenado-a-9-anos-de-prision-en-eu\/","title":{"rendered":"Exgobernador de Tamaulipas es condenado a 9 a\u00f1os de prisi\u00f3n en EU"},"content":{"rendered":"<p class=\"body-paragraph \"><a href=\"https:\/\/www.elfinanciero.com.mx\/tags\/tamaulipas\/\" target=\"_top\" rel=\"noopener\">Tom\u00e1s Yarrington, exgobernador de Tamaulipas, fue sentenciado a 9 a\u00f1os de prisi\u00f3n<\/a> en el juicio al qu<b>e fue sometido en Estados Unidos <\/b>y en el que se declar\u00f3 culpable del delito de conspiraci\u00f3n para cometer lavado de dinero.<\/p>\n<p class=\"body-paragraph \">En una audiencia celebrada este mi\u00e9rcoles 15 de marzo, Yarrington escuch\u00f3 de voz de la <b>Juez federal de distrito en Texas, Rolando Olvera, <\/b>la pena que se le impuso y la cual deber\u00e1 cumplir en una prisi\u00f3n estadounidense.<\/p>\n<p>En marzo de 2021, el mexicano se declar\u00f3 culpable de uno<b> de los 11 delitos que se le imputaban<\/b>, adem\u00e1s, entreg\u00f3 millones de d\u00f3lares, propiedades e informaci\u00f3n a las autoridades estadounidenses a cambio de una pena reducida.<\/p>\n<p class=\"body-paragraph \">En aquella ocasi\u00f3n,<a href=\"https:\/\/www.elfinanciero.com.mx\/nacional\/tamaulipas-busca-recuperar-predio-en-texas-adquirido-por-yarrington\/\" target=\"_top\" rel=\"noopener\"> Yarrington admiti\u00f3<\/a>que acept\u00f3 m\u00e1s de 3.5 millones de d\u00f3lares en sobornos ilegales y los utiliz\u00f3 para comprar propiedades de manera fraudulenta en Estados Unidos.<\/p>\n<p class=\"body-paragraph \">El exfuncionario, de 66 a\u00f1os, reconoci\u00f3 que acept\u00f3 sobornos de personas y empresas privadas en M\u00e9xico para hacer <a href=\"https:\/\/www.elfinanciero.com.mx\/tags\/tamaulipas\/\" target=\"_top\" rel=\"noopener\">negocios en Tamaulipas<\/a>, mientras se desempe\u00f1aba<b> como gobernador (1999 a 2005).<\/b><\/p>\n<p><iframe loading=\"lazy\" class=\"i-amphtml-fill-content\" title=\"Advertisement\" src=\"https:\/\/d-311470892048073496.ampproject.net\/2302271541000\/frame.html\" name=\"{&quot;host&quot;:&quot;d-311470892048073496.ampproject.net&quot;,&quot;bootstrap&quot;:&quot;https:\/\/3p.ampproject.net\/2302271541000\/vendor\/teads.mjs&quot;,&quot;type&quot;:&quot;teads&quot;,&quot;count&quot;:2,&quot;attributes&quot;:{&quot;pid&quot;:&quot;136761&quot;,&quot;ampSlotIndex&quot;:&quot;2&quot;,&quot;width&quot;:300,&quot;height&quot;:1,&quot;_context&quot;:{&quot;ampcontextVersion&quot;:&quot;2302271541000&quot;,&quot;ampcontextFilepath&quot;:&quot;https:\/\/3p.ampproject.net\/2302271541000\/ampcontext-v0.js&quot;,&quot;sourceUrl&quot;:&quot;https:\/\/www.elfinanciero.com.mx\/nacional\/2023\/03\/15\/tomas-yarrington-exgobernador-de-tamaulipas-es-condenado-a-9-ano-de-prision-en-eu\/#origin=https%3A%2F%2Fwww.google.com%2F&amp;cap=swipe,education&amp;webview=1&amp;dialog=1&amp;viewport=natural&amp;visibilityState=prerender&amp;prerenderSize=1&amp;viewerUrl=https%3A%2F%2Fwww.google.com%2Famp%2Fs%2Fwww-elfinanciero-com-mx.cdn.ampproject.org%2Fc%2Fs%2Fwww.elfinanciero.com.mx%2Fnacional%2F2023%2F03%2F15%2Ftomas-yarrington-exgobernador-de-tamaulipas-es-condenado-a-9-ano-de-prision-en-eu%2F&quot;,&quot;referrer&quot;:&quot;https:\/\/www.google.com\/&quot;,&quot;canonicalUrl&quot;:&quot;https:\/\/www.elfinanciero.com.mx\/nacional\/2023\/03\/15\/tomas-yarrington-exgobernador-de-tamaulipas-es-condenado-a-9-ano-de-prision-en-eu\/&quot;,&quot;pageViewId&quot;:&quot;1482&quot;,&quot;location&quot;:{&quot;href&quot;:&quot;https:\/\/www-elfinanciero-com-mx.cdn.ampproject.org\/c\/s\/www.elfinanciero.com.mx\/nacional\/2023\/03\/15\/tomas-yarrington-exgobernador-de-tamaulipas-es-condenado-a-9-ano-de-prision-en-eu\/#origin=https%3A%2F%2Fwww.google.com%2F&amp;cap=swipe,education&amp;webview=1&amp;dialog=1&amp;viewport=natural&amp;visibilityState=prerender&amp;prerenderSize=1&amp;viewerUrl=https%3A%2F%2Fwww.google.com%2Famp%2Fs%2Fwww-elfinanciero-com-mx.cdn.ampproject.org%2Fc%2Fs%2Fwww.elfinanciero.com.mx%2Fnacional%2F2023%2F03%2F15%2Ftomas-yarrington-exgobernador-de-tamaulipas-es-condenado-a-9-ano-de-prision-en-eu%2F&quot;},&quot;startTime&quot;:1678979299099,&quot;tagName&quot;:&quot;AMP-AD&quot;,&quot;mode&quot;:{&quot;localDev&quot;:false,&quot;development&quot;:false,&quot;esm&quot;:true,&quot;test&quot;:false,&quot;rtvVersion&quot;:&quot;012302271541000&quot;},&quot;canary&quot;:false,&quot;hidden&quot;:false,&quot;initialLayoutRect&quot;:{&quot;left&quot;:24,&quot;top&quot;:2167,&quot;width&quot;:345,&quot;height&quot;:1},&quot;domFingerprint&quot;:&quot;3192864876&quot;,&quot;experimentToggles&quot;:{&quot;canary&quot;:false,&quot;a4aProfilingRate&quot;:false,&quot;doubleclickSraExp&quot;:false,&quot;doubleclickSraReportExcludedBlock&quot;:false,&quot;flexAdSlots&quot;:false,&quot;flexible-bitrate&quot;:false,&quot;ios-fixed-no-transfer&quot;:false,&quot;story-ad-placements&quot;:false,&quot;story-disable-animations-first-page&quot;:true,&quot;story-load-inactive-outside-viewport&quot;:true,&quot;amp-sticky-ad-to-amp-ad-v4&quot;:false,&quot;story-video-cache-apply-audio&quot;:false,&quot;amp-story-subscriptions&quot;:true,&quot;esm&quot;:true,&quot;amp-story-first-page-max-bitrate&quot;:false,&quot;story-load-first-page-only&quot;:true,&quot;story-ad-page-outlink&quot;:false,&quot;amp-geo-ssr&quot;:true,&quot;story-remote-localization&quot;:true,&quot;attribution-reporting&quot;:false},&quot;sentinel&quot;:&quot;0-4597389401267159416&quot;,&quot;clientId&quot;:null,&quot;container&quot;:null,&quot;initialConsentState&quot;:null,&quot;consentSharedData&quot;:null,&quot;initialConsentValue&quot;:null,&quot;initialConsentMetadata&quot;:null,&quot;pageViewId64&quot;:&quot;qqXOlEAP6VsGm_KViyEtEg&quot;,&quot;initialIntersection&quot;:{&quot;time&quot;:28165,&quot;rootBounds&quot;:{&quot;left&quot;:0,&quot;top&quot;:0,&quot;width&quot;:393,&quot;height&quot;:643,&quot;bottom&quot;:643,&quot;right&quot;:393,&quot;x&quot;:0,&quot;y&quot;:0},&quot;boundingClientRect&quot;:{&quot;left&quot;:24,&quot;top&quot;:2167,&quot;width&quot;:345,&quot;height&quot;:1,&quot;bottom&quot;:2168,&quot;right&quot;:369,&quot;x&quot;:24,&quot;y&quot;:2167},&quot;intersectionRect&quot;:{&quot;left&quot;:0,&quot;top&quot;:0,&quot;width&quot;:0,&quot;height&quot;:0,&quot;bottom&quot;:0,&quot;right&quot;:0,&quot;x&quot;:0,&quot;y&quot;:0},&quot;intersectionRatio&quot;:0}},&quot;type&quot;:&quot;teads&quot;}}\" width=\"300\" height=\"1\" scrolling=\"no\" sandbox=\"allow-top-navigation-by-user-activation allow-popups-to-escape-sandbox allow-forms allow-modals allow-pointer-lock allow-popups allow-same-origin allow-scripts\" data-amp-3p-sentinel=\"0-4597389401267159416\" data-mce-fragment=\"1\"><\/iframe><\/p>\n<p class=\"body-paragraph \">Asimismo, asegur\u00f3 que us\u00f3 el dinero de los sobornos para comprar propiedades a trav\u00e9s de prestanombres, entre ellas, un condominio en Port Isabel.<\/p>\n<p class=\"body-paragraph \">Tambi\u00e9n reconoci\u00f3 que sab\u00eda que el dinero que recibi\u00f3 era ilegal en M\u00e9xico, por lo que trat\u00f3 de ocultarlo en Estados Unidos a trav\u00e9s de la compra de bienes inmuebles, autom\u00f3viles y art\u00edculos personales.<\/p>\n<p class=\"body-paragraph \">Yarrington fue<b> detenido el 9 de abril de 2017 <\/b>en Italia, mientras viajaba con un nombre falso, as\u00ed como pasaporte y otros documentos de identificaci\u00f3n ap\u00f3crifos.<\/p>\n<p class=\"body-paragraph \">Tras un proceso legal, el mexicano fue extraditado <b>en abril de 2018 a Estados Unidos<\/b>, con base en una orden de arresto obtenida desde mayo de 2013, como parte de la investigaci\u00f3n denominada Operaci\u00f3n Marea Verde.<\/p>\n<p class=\"body-paragraph \">Una vez que<b> cumpla los 108 meses de arresto<\/b> en una prisi\u00f3n de Estados Unidos, Yarrington ser\u00e1 expulsado a M\u00e9xico. A la fecha las autoridades mexicanas no han dicho si tienen investigaciones abiertas contra el ex funcionario de extracci\u00f3n priista.<\/p>\n<p>&nbsp;<\/p>\n<p>Con informaci\u00f3n de: El Economista<\/p>\n","protected":false},"excerpt":{"rendered":"<p>Tom\u00e1s Yarrington, exgobernador de Tamaulipas, fue sentenciado a 9 a\u00f1os de prisi\u00f3n en el juicio al que fue sometido en Estados Unidos y en el que se declar\u00f3 culpable del delito de conspiraci\u00f3n para cometer lavado de dinero. En una audiencia celebrada este mi\u00e9rcoles 15 de marzo, Yarrington escuch\u00f3 de voz de la Juez federal [&hellip;]<\/p>\n","protected":false},"author":1,"featured_media":46463,"comment_status":"open","ping_status":"open","sticky":false,"template":"","format":"standard","meta":{"om_disable_all_campaigns":false,"_monsterinsights_skip_tracking":false,"_monsterinsights_sitenote_active":false,"_monsterinsights_sitenote_note":"","_monsterinsights_sitenote_category":0,"_uf_show_specific_survey":0,"_uf_disable_surveys":false,"_jetpack_memberships_contains_paid_content":false,"footnotes":"","jetpack_publicize_message":"","jetpack_publicize_feature_enabled":true,"jetpack_social_post_already_shared":false,"jetpack_social_options":{"image_generator_settings":{"template":"highway","default_image_id":0,"enabled":false},"version":2}},"categories":[16],"tags":[],"class_list":{"0":"post-46462","1":"post","2":"type-post","3":"status-publish","4":"format-standard","5":"has-post-thumbnail","7":"category-viral"},"aioseo_notices":[],"jetpack_publicize_connections":[],"jetpack_featured_media_url":"https:\/\/mediagroup.mx\/wp-content\/uploads\/2023\/06\/45179D74-7EBD-4718-92B6-159363494188.jpeg","jetpack_sharing_enabled":true,"_links":{"self":[{"href":"https:\/\/mediagroup.mx\/index.php\/wp-json\/wp\/v2\/posts\/46462","targetHints":{"allow":["GET"]}}],"collection":[{"href":"https:\/\/mediagroup.mx\/index.php\/wp-json\/wp\/v2\/posts"}],"about":[{"href":"https:\/\/mediagroup.mx\/index.php\/wp-json\/wp\/v2\/types\/post"}],"author":[{"embeddable":true,"href":"https:\/\/mediagroup.mx\/index.php\/wp-json\/wp\/v2\/users\/1"}],"replies":[{"embeddable":true,"href":"https:\/\/mediagroup.mx\/index.php\/wp-json\/wp\/v2\/comments?post=46462"}],"version-history":[{"count":0,"href":"https:\/\/mediagroup.mx\/index.php\/wp-json\/wp\/v2\/posts\/46462\/revisions"}],"wp:featuredmedia":[{"embeddable":true,"href":"https:\/\/mediagroup.mx\/index.php\/wp-json\/wp\/v2\/media\/46463"}],"wp:attachment":[{"href":"https:\/\/mediagroup.mx\/index.php\/wp-json\/wp\/v2\/media?parent=46462"}],"wp:term":[{"taxonomy":"category","embeddable":true,"href":"https:\/\/mediagroup.mx\/index.php\/wp-json\/wp\/v2\/categories?post=46462"},{"taxonomy":"post_tag","embeddable":true,"href":"https:\/\/mediagroup.mx\/index.php\/wp-json\/wp\/v2\/tags?post=46462"}],"curies":[{"name":"wp","href":"https:\/\/api.w.org\/{rel}","templated":true}]}}