{"id":46466,"date":"2023-06-26T20:44:16","date_gmt":"2023-06-26T20:44:16","guid":{"rendered":"https:\/\/new.mediagroup.mx\/index.php\/2023\/06\/26\/choque-entre-autobus-y-camioneta-deja-un-muerto-en-la-patzcuaro-cuitzeo\/"},"modified":"2023-06-26T20:44:16","modified_gmt":"2023-06-26T20:44:16","slug":"choque-entre-autobus-y-camioneta-deja-un-muerto-en-la-patzcuaro-cuitzeo","status":"publish","type":"post","link":"https:\/\/mediagroup.mx\/index.php\/2023\/06\/26\/choque-entre-autobus-y-camioneta-deja-un-muerto-en-la-patzcuaro-cuitzeo\/","title":{"rendered":"Choque entre autob\u00fas y camioneta deja un muerto en la P\u00e1tzcuaro-Cuitzeo"},"content":{"rendered":"<p>Un autob\u00fas de la l\u00ednea ETN y una camioneta protagonizaron un choque sobre la autopista P\u00e1tzcuaro-Cuitzeo, el cual dej\u00f3 un muerto y un herido.<\/p>\n<p>El accidente sucedi\u00f3 durante la \u00faltima hora de ayer mi\u00e9rcoles, a la altura del kil\u00f3metro 38+000. El hecho fue reportado al n\u00famero de emergencias.<\/p>\n<p>En el sitio se presentaron unos patrulleros, bomberos y param\u00e9dicos, quienes confirmaron el deceso de un masculino, ocupante del veh\u00edculo pick up involucrado. Asimismo, los rescatistas trasladaron al lesionado a un hospital.<\/p>\n<p>La identidad de ambas v\u00edctimas es desconocida. Los oficiales de la Guardia Nacional acordonaron el \u00e1rea y solicitaron la intervenci\u00f3n de la Fiscal\u00eda General del Estado (FGE), cuyos especialistas se encargaron de las averiguaciones respectivas y trasladaron el cad\u00e1ver a la morgue.<\/p>\n","protected":false},"excerpt":{"rendered":"<p>Un autob\u00fas de la l\u00ednea ETN y una camioneta protagonizaron un choque sobre la autopista P\u00e1tzcuaro-Cuitzeo, el cual dej\u00f3 un muerto y un herido. El accidente sucedi\u00f3 durante la \u00faltima hora de ayer mi\u00e9rcoles, a la altura del kil\u00f3metro 38+000. El hecho fue reportado al n\u00famero de emergencias. En el sitio se presentaron unos patrulleros, [&hellip;]<\/p>\n","protected":false},"author":1,"featured_media":46467,"comment_status":"open","ping_status":"open","sticky":false,"template":"","format":"standard","meta":{"om_disable_all_campaigns":false,"_monsterinsights_skip_tracking":false,"_monsterinsights_sitenote_active":false,"_monsterinsights_sitenote_note":"","_monsterinsights_sitenote_category":0,"_uf_show_specific_survey":0,"_uf_disable_surveys":false,"_jetpack_memberships_contains_paid_content":false,"footnotes":"","jetpack_publicize_message":"","jetpack_publicize_feature_enabled":true,"jetpack_social_post_already_shared":false,"jetpack_social_options":{"image_generator_settings":{"template":"highway","default_image_id":0,"enabled":false},"version":2}},"categories":[24],"tags":[],"class_list":{"0":"post-46466","1":"post","2":"type-post","3":"status-publish","4":"format-standard","5":"has-post-thumbnail","7":"category-seguridad"},"aioseo_notices":[],"jetpack_publicize_connections":[],"jetpack_featured_media_url":"https:\/\/mediagroup.mx\/wp-content\/uploads\/2023\/06\/686C071C-90EC-487D-A66C-42ADFFE311AD.jpeg","jetpack_sharing_enabled":true,"_links":{"self":[{"href":"https:\/\/mediagroup.mx\/index.php\/wp-json\/wp\/v2\/posts\/46466","targetHints":{"allow":["GET"]}}],"collection":[{"href":"https:\/\/mediagroup.mx\/index.php\/wp-json\/wp\/v2\/posts"}],"about":[{"href":"https:\/\/mediagroup.mx\/index.php\/wp-json\/wp\/v2\/types\/post"}],"author":[{"embeddable":true,"href":"https:\/\/mediagroup.mx\/index.php\/wp-json\/wp\/v2\/users\/1"}],"replies":[{"embeddable":true,"href":"https:\/\/mediagroup.mx\/index.php\/wp-json\/wp\/v2\/comments?post=46466"}],"version-history":[{"count":0,"href":"https:\/\/mediagroup.mx\/index.php\/wp-json\/wp\/v2\/posts\/46466\/revisions"}],"wp:featuredmedia":[{"embeddable":true,"href":"https:\/\/mediagroup.mx\/index.php\/wp-json\/wp\/v2\/media\/46467"}],"wp:attachment":[{"href":"https:\/\/mediagroup.mx\/index.php\/wp-json\/wp\/v2\/media?parent=46466"}],"wp:term":[{"taxonomy":"category","embeddable":true,"href":"https:\/\/mediagroup.mx\/index.php\/wp-json\/wp\/v2\/categories?post=46466"},{"taxonomy":"post_tag","embeddable":true,"href":"https:\/\/mediagroup.mx\/index.php\/wp-json\/wp\/v2\/tags?post=46466"}],"curies":[{"name":"wp","href":"https:\/\/api.w.org\/{rel}","templated":true}]}}