{"id":46470,"date":"2023-06-26T20:44:16","date_gmt":"2023-06-26T20:44:16","guid":{"rendered":"https:\/\/new.mediagroup.mx\/index.php\/2023\/06\/26\/diputada-adriana-hernandez-busca-homenajear-al-heroico-colegio-militar-por-su-bicentenario\/"},"modified":"2023-06-26T20:44:16","modified_gmt":"2023-06-26T20:44:16","slug":"diputada-adriana-hernandez-busca-homenajear-al-heroico-colegio-militar-por-su-bicentenario","status":"publish","type":"post","link":"https:\/\/mediagroup.mx\/index.php\/2023\/06\/26\/diputada-adriana-hernandez-busca-homenajear-al-heroico-colegio-militar-por-su-bicentenario\/","title":{"rendered":"Diputada Adriana Hern\u00e1ndez busca homenajear al Heroico Colegio Militar por su bicentenario"},"content":{"rendered":"<p>La diputada Adriana Hern\u00e1ndez \u00cd\u00f1iguez, reconoci\u00f3 al Heroico Colegio Militar con motivo de sus 200 a\u00f1os de fundaci\u00f3n, en tribuna del pleno del Congreso de Michoac\u00e1n, se\u00f1alando que es una instituci\u00f3n que ha trascendido con independencia de las profundas transformaciones acontecidas en el pa\u00eds y de los vaivenes pol\u00edticos, adapt\u00e1ndose para servir con lealtad y persistencia a M\u00e9xico.<\/p>\n<p>Por ello busca que se coloque con letras de oro la leyenda \u201c2023 a\u00f1o del bicentenario del Heroico Colegio Militar\u201d en el Muro de Honor del Palacio Legislativo del Congreso de Michoac\u00e1n.<\/p>\n<p>\u201cConcebido desde la \u00e9poca virreinal, aunque finalmente constituido tras la consumaci\u00f3n de la Independencia, el Colegio Militar ha sido semillero de talento y disciplina, de valent\u00eda y capacidad de innovaci\u00f3n, tal como lo demuestran la actuaci\u00f3n de sus cadetes y egresados frente a las agresiones extranjeras, las revueltas internas y las cat\u00e1strofes provocadas por la fuerza de la naturaleza\u201d, apunt\u00f3 la legisladora del Partido Revolucionario Institucional (PRI).<\/p>\n<p>Y resalt\u00f3 la participaci\u00f3n que ahora tienen las mujeres dentro del Colegio, \u201cquienes al igual que los hombres, pueden hacer de la defensa de la patria un proyecto de vida, una noble aspiraci\u00f3n que involucra al sacrificio personal en aras de un bien superior como lo es la viabilidad del Estado mexicano\u201d.<\/p>\n<p>Asistieron a la sesi\u00f3n del Congreso, como invitados de la diputada local, los coroneles Manuel de la Fuente Barrera y Elvim Rolando Ramos Santos.<\/p>\n","protected":false},"excerpt":{"rendered":"<p>La diputada Adriana Hern\u00e1ndez \u00cd\u00f1iguez, reconoci\u00f3 al Heroico Colegio Militar con motivo de sus 200 a\u00f1os de fundaci\u00f3n, en tribuna del pleno del Congreso de Michoac\u00e1n, se\u00f1alando que es una instituci\u00f3n que ha trascendido con independencia de las profundas transformaciones acontecidas en el pa\u00eds y de los vaivenes pol\u00edticos, adapt\u00e1ndose para servir con lealtad y [&hellip;]<\/p>\n","protected":false},"author":1,"featured_media":46471,"comment_status":"open","ping_status":"open","sticky":false,"template":"","format":"standard","meta":{"om_disable_all_campaigns":false,"_monsterinsights_skip_tracking":false,"_monsterinsights_sitenote_active":false,"_monsterinsights_sitenote_note":"","_monsterinsights_sitenote_category":0,"_uf_show_specific_survey":0,"_uf_disable_surveys":false,"_jetpack_memberships_contains_paid_content":false,"footnotes":"","jetpack_publicize_message":"","jetpack_publicize_feature_enabled":true,"jetpack_social_post_already_shared":false,"jetpack_social_options":{"image_generator_settings":{"template":"highway","default_image_id":0,"enabled":false},"version":2}},"categories":[15],"tags":[],"class_list":{"0":"post-46470","1":"post","2":"type-post","3":"status-publish","4":"format-standard","5":"has-post-thumbnail","7":"category-michoacan"},"aioseo_notices":[],"jetpack_publicize_connections":[],"jetpack_featured_media_url":"https:\/\/mediagroup.mx\/wp-content\/uploads\/2023\/06\/6131A470-6DFB-4F11-9F10-FB9E14B64CB5.jpeg","jetpack_sharing_enabled":true,"_links":{"self":[{"href":"https:\/\/mediagroup.mx\/index.php\/wp-json\/wp\/v2\/posts\/46470","targetHints":{"allow":["GET"]}}],"collection":[{"href":"https:\/\/mediagroup.mx\/index.php\/wp-json\/wp\/v2\/posts"}],"about":[{"href":"https:\/\/mediagroup.mx\/index.php\/wp-json\/wp\/v2\/types\/post"}],"author":[{"embeddable":true,"href":"https:\/\/mediagroup.mx\/index.php\/wp-json\/wp\/v2\/users\/1"}],"replies":[{"embeddable":true,"href":"https:\/\/mediagroup.mx\/index.php\/wp-json\/wp\/v2\/comments?post=46470"}],"version-history":[{"count":0,"href":"https:\/\/mediagroup.mx\/index.php\/wp-json\/wp\/v2\/posts\/46470\/revisions"}],"wp:featuredmedia":[{"embeddable":true,"href":"https:\/\/mediagroup.mx\/index.php\/wp-json\/wp\/v2\/media\/46471"}],"wp:attachment":[{"href":"https:\/\/mediagroup.mx\/index.php\/wp-json\/wp\/v2\/media?parent=46470"}],"wp:term":[{"taxonomy":"category","embeddable":true,"href":"https:\/\/mediagroup.mx\/index.php\/wp-json\/wp\/v2\/categories?post=46470"},{"taxonomy":"post_tag","embeddable":true,"href":"https:\/\/mediagroup.mx\/index.php\/wp-json\/wp\/v2\/tags?post=46470"}],"curies":[{"name":"wp","href":"https:\/\/api.w.org\/{rel}","templated":true}]}}