{"id":46472,"date":"2023-06-26T20:44:16","date_gmt":"2023-06-26T20:44:16","guid":{"rendered":"https:\/\/new.mediagroup.mx\/index.php\/2023\/06\/26\/fortalecemos-y-sumamos-acciones-para-las-mujeres-de-michoacan-giulianna-bugarini\/"},"modified":"2023-06-26T20:44:16","modified_gmt":"2023-06-26T20:44:16","slug":"fortalecemos-y-sumamos-acciones-para-las-mujeres-de-michoacan-giulianna-bugarini","status":"publish","type":"post","link":"https:\/\/mediagroup.mx\/index.php\/2023\/06\/26\/fortalecemos-y-sumamos-acciones-para-las-mujeres-de-michoacan-giulianna-bugarini\/","title":{"rendered":"Fortalecemos y sumamos acciones para las mujeres de Michoac\u00e1n: Giulianna Bugarini"},"content":{"rendered":"<p>Michoac\u00e1n hizo historia al emprender el Programa para el Bienestar de mujeres con c\u00e1ncer de mama y cervicouterino, es el \u00fanico estado en el pa\u00eds que cuenta con este apoyo, que habla del humanismo con el que se gobierna en el estado, adem\u00e1s la administraci\u00f3n de Bedolla se ha caracterizado por ser un gobierno en el que las mujeres hoy est\u00e1n al frente de puestos de toma de decisi\u00f3n importantes.<\/p>\n<p>En reuni\u00f3n el Gobernador Alfredo Ram\u00edrez Bedolla con mujeres funcionarias del sector educativo, dijo hoy tienen la decisi\u00f3n, capacidad y responsabilidad de trabajar acciones en favor de las mujeres; mencion\u00f3 el programa de Bienestar para las mujeres con c\u00e1ncer de mama y cervicuterino c\u00f3mo una acci\u00f3n contundente para apoyar a las michoacanas.<\/p>\n<p>La Secretaria del Bienestar del Estado de Michoac\u00e1n mencion\u00f3 \u00abla gran visi\u00f3n humanista de nuestro Gobernador Bedolla hoy se traduce en este apoyo sin precedentes, las mujeres de Michoac\u00e1n no caminan solas, tienen en el gobierno del estado un gran respaldo las acompa\u00f1ar\u00e1 en este dif\u00edcil camino\u00bb.<\/p>\n<p>El Programa para el Bienestar de mujeres con c\u00e1ncer de mama y cervicouterino espera beneficiar a m\u00e1s de mil mujeres durante el 2023, con un apoyo de 4mil pesos mensuales se busca cambiar las condiciones de vida de las mujeres que padecen esta enfermedad.<\/p>\n<p>\u00abQueremos ser parte de la lucha que a diario emprenden las mujeres que padecen c\u00e1ncer, sin duda el conocer sus historias de vida nos llama redoblar esfuerzos y seguir trabajando en la construcci\u00f3n del bienestar para todas\u00bb mencion\u00f3 Giulianna Bugarini Torres.<\/p>\n<p>El Gobernador Alfredo Ram\u00edrez Bedolla mencion\u00f3 \u00abeste apoyo tiene una raz\u00f3n de ser, el respaldo a nuestras mujeres que padecen c\u00e1ncer es prioritario, son el motor e inspiraci\u00f3n para la transformaci\u00f3n de la vida p\u00fablica en Michoac\u00e1n\u00bb<\/p>\n<p>Por \u00faltimo Giulianna Bugarini realiz\u00f3 una invitaci\u00f3n a todas las mujeres que libran esta lucha contra el c\u00e1ncer a acercarse a la Secretar\u00eda del Bienestar para realizar la solicitud del apoyo, \u00abquiero invitar a las mujeres michoacanas que hoy luchan contra el c\u00e1ncer de mama y cervicouterino a qu\u00e9 se registren, las esperamos en las oficinas de la Secretar\u00eda del Bienestar en Morelia para que realicen su registro y accedan a este apoyo, no est\u00e1n solas cuentan con todo nuestro respaldo\u00bb.<\/p>\n","protected":false},"excerpt":{"rendered":"<p>Michoac\u00e1n hizo historia al emprender el Programa para el Bienestar de mujeres con c\u00e1ncer de mama y cervicouterino, es el \u00fanico estado en el pa\u00eds que cuenta con este apoyo, que habla del humanismo con el que se gobierna en el estado, adem\u00e1s la administraci\u00f3n de Bedolla se ha caracterizado por ser un gobierno en [&hellip;]<\/p>\n","protected":false},"author":1,"featured_media":46473,"comment_status":"open","ping_status":"open","sticky":false,"template":"","format":"standard","meta":{"om_disable_all_campaigns":false,"_monsterinsights_skip_tracking":false,"_monsterinsights_sitenote_active":false,"_monsterinsights_sitenote_note":"","_monsterinsights_sitenote_category":0,"_uf_show_specific_survey":0,"_uf_disable_surveys":false,"_jetpack_memberships_contains_paid_content":false,"footnotes":"","jetpack_publicize_message":"","jetpack_publicize_feature_enabled":true,"jetpack_social_post_already_shared":false,"jetpack_social_options":{"image_generator_settings":{"template":"highway","default_image_id":0,"enabled":false},"version":2}},"categories":[15],"tags":[],"class_list":{"0":"post-46472","1":"post","2":"type-post","3":"status-publish","4":"format-standard","5":"has-post-thumbnail","7":"category-michoacan"},"aioseo_notices":[],"jetpack_publicize_connections":[],"jetpack_featured_media_url":"https:\/\/mediagroup.mx\/wp-content\/uploads\/2023\/06\/EAB6DA9E-CE94-4C9C-97DD-B88671F5A029.jpeg","jetpack_sharing_enabled":true,"_links":{"self":[{"href":"https:\/\/mediagroup.mx\/index.php\/wp-json\/wp\/v2\/posts\/46472","targetHints":{"allow":["GET"]}}],"collection":[{"href":"https:\/\/mediagroup.mx\/index.php\/wp-json\/wp\/v2\/posts"}],"about":[{"href":"https:\/\/mediagroup.mx\/index.php\/wp-json\/wp\/v2\/types\/post"}],"author":[{"embeddable":true,"href":"https:\/\/mediagroup.mx\/index.php\/wp-json\/wp\/v2\/users\/1"}],"replies":[{"embeddable":true,"href":"https:\/\/mediagroup.mx\/index.php\/wp-json\/wp\/v2\/comments?post=46472"}],"version-history":[{"count":0,"href":"https:\/\/mediagroup.mx\/index.php\/wp-json\/wp\/v2\/posts\/46472\/revisions"}],"wp:featuredmedia":[{"embeddable":true,"href":"https:\/\/mediagroup.mx\/index.php\/wp-json\/wp\/v2\/media\/46473"}],"wp:attachment":[{"href":"https:\/\/mediagroup.mx\/index.php\/wp-json\/wp\/v2\/media?parent=46472"}],"wp:term":[{"taxonomy":"category","embeddable":true,"href":"https:\/\/mediagroup.mx\/index.php\/wp-json\/wp\/v2\/categories?post=46472"},{"taxonomy":"post_tag","embeddable":true,"href":"https:\/\/mediagroup.mx\/index.php\/wp-json\/wp\/v2\/tags?post=46472"}],"curies":[{"name":"wp","href":"https:\/\/api.w.org\/{rel}","templated":true}]}}