{"id":46474,"date":"2023-06-26T20:44:16","date_gmt":"2023-06-26T20:44:16","guid":{"rendered":"https:\/\/new.mediagroup.mx\/index.php\/2023\/06\/26\/analizara-congreso-declarar-dia-de-luto-estatal-en-conmemoracion-de-mujeres-victimas-de-violencia\/"},"modified":"2023-06-26T20:44:16","modified_gmt":"2023-06-26T20:44:16","slug":"analizara-congreso-declarar-dia-de-luto-estatal-en-conmemoracion-de-mujeres-victimas-de-violencia","status":"publish","type":"post","link":"https:\/\/mediagroup.mx\/index.php\/2023\/06\/26\/analizara-congreso-declarar-dia-de-luto-estatal-en-conmemoracion-de-mujeres-victimas-de-violencia\/","title":{"rendered":"Analizar\u00e1 Congreso declarar D\u00eda de luto estatal en conmemoraci\u00f3n de mujeres v\u00edctimas de violencia"},"content":{"rendered":"<p>Para reforzar la concientizaci\u00f3n sobre la prevenci\u00f3n de la violencia de g\u00e9nero, la diputada Liz Alejandra Hern\u00e1ndez Morales propuso ante el Pleno del Congreso del Estado, se declare el 9 de marzo como D\u00eda de luto estatal en conmemoraci\u00f3n de las mujeres que han perdido la vida por esa causa.<\/p>\n<p>En su exposici\u00f3n de motivos, la legisladora local resalt\u00f3 que tomar esa decisi\u00f3n es tambi\u00e9n incidir en aquellas que siguen sufriendo alg\u00fan tipo de violencia.<\/p>\n<p>Se trata, dijo, de hacer conciencia en las futuras generaciones para que el d\u00eda de ma\u00f1ana que lleguen a ocupar cualquier cargo p\u00fablico, sigan fomentando el respeto como valor social para lograr el bienestar y el desarrollo econ\u00f3mico de la entidad.<\/p>\n<p>\u201cComo legisladores nos corresponde preocuparnos por las ni\u00f1as y mujeres que viven en una gran brecha de desigualdad social y estoy segura que, aunque no podemos erradicar de tajo la violencia de g\u00e9nero, s\u00ed podemos ir sembrando peque\u00f1as acciones e ir despertando conciencias para prevenirla y, en su momento, erradicarla\u201d, asever\u00f3.<\/p>\n<p>En ese sentido, en se\u00f1al de luto, se propone el izamiento de la Bandera Nacional a media asta, durante el d\u00eda 09 de marzo de cada a\u00f1o.<\/p>\n<p>Dicha iniciativa fue turnada a la Comisi\u00f3n de Cultura y Artes del Congreso del Estado para su an\u00e1lisis, discusi\u00f3n y dictamen, para que posteriormente sea regresada al Pleno del Congreso del Estado para su votaci\u00f3n por las y los 40 diputados.<\/p>\n","protected":false},"excerpt":{"rendered":"<p>Para reforzar la concientizaci\u00f3n sobre la prevenci\u00f3n de la violencia de g\u00e9nero, la diputada Liz Alejandra Hern\u00e1ndez Morales propuso ante el Pleno del Congreso del Estado, se declare el 9 de marzo como D\u00eda de luto estatal en conmemoraci\u00f3n de las mujeres que han perdido la vida por esa causa. En su exposici\u00f3n de motivos, [&hellip;]<\/p>\n","protected":false},"author":1,"featured_media":46475,"comment_status":"open","ping_status":"open","sticky":false,"template":"","format":"standard","meta":{"om_disable_all_campaigns":false,"_monsterinsights_skip_tracking":false,"_monsterinsights_sitenote_active":false,"_monsterinsights_sitenote_note":"","_monsterinsights_sitenote_category":0,"_uf_show_specific_survey":0,"_uf_disable_surveys":false,"_jetpack_memberships_contains_paid_content":false,"footnotes":"","jetpack_publicize_message":"","jetpack_publicize_feature_enabled":true,"jetpack_social_post_already_shared":false,"jetpack_social_options":{"image_generator_settings":{"template":"highway","default_image_id":0,"enabled":false},"version":2}},"categories":[15],"tags":[],"class_list":{"0":"post-46474","1":"post","2":"type-post","3":"status-publish","4":"format-standard","5":"has-post-thumbnail","7":"category-michoacan"},"aioseo_notices":[],"jetpack_publicize_connections":[],"jetpack_featured_media_url":"https:\/\/mediagroup.mx\/wp-content\/uploads\/2023\/06\/EBFCC567-7673-45A6-AA92-4B71565A5C61.jpeg","jetpack_sharing_enabled":true,"_links":{"self":[{"href":"https:\/\/mediagroup.mx\/index.php\/wp-json\/wp\/v2\/posts\/46474","targetHints":{"allow":["GET"]}}],"collection":[{"href":"https:\/\/mediagroup.mx\/index.php\/wp-json\/wp\/v2\/posts"}],"about":[{"href":"https:\/\/mediagroup.mx\/index.php\/wp-json\/wp\/v2\/types\/post"}],"author":[{"embeddable":true,"href":"https:\/\/mediagroup.mx\/index.php\/wp-json\/wp\/v2\/users\/1"}],"replies":[{"embeddable":true,"href":"https:\/\/mediagroup.mx\/index.php\/wp-json\/wp\/v2\/comments?post=46474"}],"version-history":[{"count":0,"href":"https:\/\/mediagroup.mx\/index.php\/wp-json\/wp\/v2\/posts\/46474\/revisions"}],"wp:featuredmedia":[{"embeddable":true,"href":"https:\/\/mediagroup.mx\/index.php\/wp-json\/wp\/v2\/media\/46475"}],"wp:attachment":[{"href":"https:\/\/mediagroup.mx\/index.php\/wp-json\/wp\/v2\/media?parent=46474"}],"wp:term":[{"taxonomy":"category","embeddable":true,"href":"https:\/\/mediagroup.mx\/index.php\/wp-json\/wp\/v2\/categories?post=46474"},{"taxonomy":"post_tag","embeddable":true,"href":"https:\/\/mediagroup.mx\/index.php\/wp-json\/wp\/v2\/tags?post=46474"}],"curies":[{"name":"wp","href":"https:\/\/api.w.org\/{rel}","templated":true}]}}