{"id":46484,"date":"2023-06-26T20:44:16","date_gmt":"2023-06-26T20:44:16","guid":{"rendered":"https:\/\/new.mediagroup.mx\/index.php\/2023\/06\/26\/se-registra-enfrentamiento-entre-policias-y-civiles-armados-en-la-region-de-zitacuaro\/"},"modified":"2023-06-26T20:44:16","modified_gmt":"2023-06-26T20:44:16","slug":"se-registra-enfrentamiento-entre-policias-y-civiles-armados-en-la-region-de-zitacuaro","status":"publish","type":"post","link":"https:\/\/mediagroup.mx\/index.php\/2023\/06\/26\/se-registra-enfrentamiento-entre-policias-y-civiles-armados-en-la-region-de-zitacuaro\/","title":{"rendered":"Se registra enfrentamiento entre polic\u00edas y civiles armados en la regi\u00f3n de Zit\u00e1cuaro"},"content":{"rendered":"<p>Un enfrentamiento entre delincuentes y oficiales se registr\u00f3 este jueves en el municipio de Zit\u00e1cuaro, hecho de violencia que dej\u00f3 tres polic\u00edas lesionados, uno de ellos municipal, otro de la Guardia Nacional y el restante de la Guardia Civil, mencionaron fuentes allegadas al tema, las cuales agregaron que el ocupante de una pipa &#8211; ajeno a los hechos- muri\u00f3 en el fuego cruzado.<\/p>\n<p>Asimismo, se supo que siete masculinos lesionados por impacto de proyectil de arma de fuego fueron internados en el Sanatorio Memorial, ubicado en las calle Leandro Valle, en la cabecera municipal de Zit\u00e1cuaro. Uno de los sospechosos falleci\u00f3. Hasta el momento se desconoce si dichos pacientes est\u00e1n o no involucrados en el referido tiroteo.<\/p>\n<p>La contienda entre los patrulleros y los gatilleros tuvo lugar en una zona serrana de la poblaci\u00f3n de Cop\u00e1ndaro, en los l\u00edmites de Zit\u00e1cuaro con Susupuato.<\/p>\n<p>Los uniformados heridos fueron canalizados a un nosocomio para su adecuada atenci\u00f3n m\u00e9dica. Las instancias competentes se encargaron de las primeras investigaciones del caso para esclarecerlo.<\/p>\n","protected":false},"excerpt":{"rendered":"<p>Un enfrentamiento entre delincuentes y oficiales se registr\u00f3 este jueves en el municipio de Zit\u00e1cuaro, hecho de violencia que dej\u00f3 tres polic\u00edas lesionados, uno de ellos municipal, otro de la Guardia Nacional y el restante de la Guardia Civil, mencionaron fuentes allegadas al tema, las cuales agregaron que el ocupante de una pipa &#8211; ajeno [&hellip;]<\/p>\n","protected":false},"author":1,"featured_media":46485,"comment_status":"open","ping_status":"open","sticky":false,"template":"","format":"standard","meta":{"om_disable_all_campaigns":false,"_monsterinsights_skip_tracking":false,"_monsterinsights_sitenote_active":false,"_monsterinsights_sitenote_note":"","_monsterinsights_sitenote_category":0,"_uf_show_specific_survey":0,"_uf_disable_surveys":false,"_jetpack_memberships_contains_paid_content":false,"footnotes":"","jetpack_publicize_message":"","jetpack_publicize_feature_enabled":true,"jetpack_social_post_already_shared":false,"jetpack_social_options":{"image_generator_settings":{"template":"highway","default_image_id":0,"enabled":false},"version":2}},"categories":[24],"tags":[],"class_list":{"0":"post-46484","1":"post","2":"type-post","3":"status-publish","4":"format-standard","5":"has-post-thumbnail","7":"category-seguridad"},"aioseo_notices":[],"jetpack_publicize_connections":[],"jetpack_featured_media_url":"https:\/\/mediagroup.mx\/wp-content\/uploads\/2023\/06\/5DC6AD39-F210-443C-9F53-E123D8B13D5D.jpeg","jetpack_sharing_enabled":true,"_links":{"self":[{"href":"https:\/\/mediagroup.mx\/index.php\/wp-json\/wp\/v2\/posts\/46484","targetHints":{"allow":["GET"]}}],"collection":[{"href":"https:\/\/mediagroup.mx\/index.php\/wp-json\/wp\/v2\/posts"}],"about":[{"href":"https:\/\/mediagroup.mx\/index.php\/wp-json\/wp\/v2\/types\/post"}],"author":[{"embeddable":true,"href":"https:\/\/mediagroup.mx\/index.php\/wp-json\/wp\/v2\/users\/1"}],"replies":[{"embeddable":true,"href":"https:\/\/mediagroup.mx\/index.php\/wp-json\/wp\/v2\/comments?post=46484"}],"version-history":[{"count":0,"href":"https:\/\/mediagroup.mx\/index.php\/wp-json\/wp\/v2\/posts\/46484\/revisions"}],"wp:featuredmedia":[{"embeddable":true,"href":"https:\/\/mediagroup.mx\/index.php\/wp-json\/wp\/v2\/media\/46485"}],"wp:attachment":[{"href":"https:\/\/mediagroup.mx\/index.php\/wp-json\/wp\/v2\/media?parent=46484"}],"wp:term":[{"taxonomy":"category","embeddable":true,"href":"https:\/\/mediagroup.mx\/index.php\/wp-json\/wp\/v2\/categories?post=46484"},{"taxonomy":"post_tag","embeddable":true,"href":"https:\/\/mediagroup.mx\/index.php\/wp-json\/wp\/v2\/tags?post=46484"}],"curies":[{"name":"wp","href":"https:\/\/api.w.org\/{rel}","templated":true}]}}