{"id":46490,"date":"2023-06-26T20:44:16","date_gmt":"2023-06-26T20:44:16","guid":{"rendered":"https:\/\/new.mediagroup.mx\/index.php\/2023\/06\/26\/gobierno-de-michoacan-presentara-iniciativa-para-legalizar-el-aborto-adelanta-carolina-rangel\/"},"modified":"2023-06-26T20:44:16","modified_gmt":"2023-06-26T20:44:16","slug":"gobierno-de-michoacan-presentara-iniciativa-para-legalizar-el-aborto-adelanta-carolina-rangel","status":"publish","type":"post","link":"https:\/\/mediagroup.mx\/index.php\/2023\/06\/26\/gobierno-de-michoacan-presentara-iniciativa-para-legalizar-el-aborto-adelanta-carolina-rangel\/","title":{"rendered":"Gobierno de Michoac\u00e1n presentar\u00e1 iniciativa para legalizar el aborto, adelanta Carolina Rangel"},"content":{"rendered":"<p>Con el objetivo de apresurar al Congreso de Michoac\u00e1n para que legisle la legalizaci\u00f3n del aborto en Michoac\u00e1n, el Gobierno del Estado presentar\u00e1 una iniciativa en este tenor, adelant\u00f3 la titular de la Secretar\u00eda de Igualdad Sustantiva y Desarrollo de las Mujeres, Carolina Rangel Gracida.<\/p>\n<p>&nbsp;<\/p>\n<p>La secretaria indic\u00f3 que esto es una indicaci\u00f3n del gobernador de Michoac\u00e1n, Alfredo Ram\u00edrez Bedolla, y se buscar\u00e1 que se garanticen los derechos de las mujeres del estado, para lo cual han trabajado en conjunto con colectivas feministas e indic\u00f3 que ser\u00e1 la pr\u00f3xima semana que se reunir\u00e1 con el secretario de Gobierno Carlos Torres Pi\u00f1a para revelar la fecha en que se presentar\u00e1 esta iniciativa.<\/p>\n<p>&nbsp;<\/p>\n<p>Al ser cuestionada si esta iniciativa se buscar\u00e1 legalizar o despenalizar el aborto, se\u00f1al\u00f3 que se tratar\u00e1 de una iniciativa que garantizar\u00e1 los derechos de las mujeres, tal como la Suprema Corte de Justicia de la Naci\u00f3n ha determinado.<\/p>\n<p>&nbsp;<\/p>\n<p>Por: Miguel Santos<\/p>\n","protected":false},"excerpt":{"rendered":"<p>Con el objetivo de apresurar al Congreso de Michoac\u00e1n para que legisle la legalizaci\u00f3n del aborto en Michoac\u00e1n, el Gobierno del Estado presentar\u00e1 una iniciativa en este tenor, adelant\u00f3 la titular de la Secretar\u00eda de Igualdad Sustantiva y Desarrollo de las Mujeres, Carolina Rangel Gracida. &nbsp; La secretaria indic\u00f3 que esto es una indicaci\u00f3n del [&hellip;]<\/p>\n","protected":false},"author":1,"featured_media":46491,"comment_status":"open","ping_status":"open","sticky":false,"template":"","format":"standard","meta":{"om_disable_all_campaigns":false,"_monsterinsights_skip_tracking":false,"_monsterinsights_sitenote_active":false,"_monsterinsights_sitenote_note":"","_monsterinsights_sitenote_category":0,"_uf_show_specific_survey":0,"_uf_disable_surveys":false,"_jetpack_memberships_contains_paid_content":false,"footnotes":"","jetpack_publicize_message":"","jetpack_publicize_feature_enabled":true,"jetpack_social_post_already_shared":false,"jetpack_social_options":{"image_generator_settings":{"template":"highway","default_image_id":0,"enabled":false},"version":2}},"categories":[15],"tags":[],"class_list":{"0":"post-46490","1":"post","2":"type-post","3":"status-publish","4":"format-standard","5":"has-post-thumbnail","7":"category-michoacan"},"aioseo_notices":[],"jetpack_publicize_connections":[],"jetpack_featured_media_url":"https:\/\/mediagroup.mx\/wp-content\/uploads\/2023\/06\/7A47D7DC-78C7-4E27-B6C7-172D7DE42027.jpeg","jetpack_sharing_enabled":true,"_links":{"self":[{"href":"https:\/\/mediagroup.mx\/index.php\/wp-json\/wp\/v2\/posts\/46490","targetHints":{"allow":["GET"]}}],"collection":[{"href":"https:\/\/mediagroup.mx\/index.php\/wp-json\/wp\/v2\/posts"}],"about":[{"href":"https:\/\/mediagroup.mx\/index.php\/wp-json\/wp\/v2\/types\/post"}],"author":[{"embeddable":true,"href":"https:\/\/mediagroup.mx\/index.php\/wp-json\/wp\/v2\/users\/1"}],"replies":[{"embeddable":true,"href":"https:\/\/mediagroup.mx\/index.php\/wp-json\/wp\/v2\/comments?post=46490"}],"version-history":[{"count":0,"href":"https:\/\/mediagroup.mx\/index.php\/wp-json\/wp\/v2\/posts\/46490\/revisions"}],"wp:featuredmedia":[{"embeddable":true,"href":"https:\/\/mediagroup.mx\/index.php\/wp-json\/wp\/v2\/media\/46491"}],"wp:attachment":[{"href":"https:\/\/mediagroup.mx\/index.php\/wp-json\/wp\/v2\/media?parent=46490"}],"wp:term":[{"taxonomy":"category","embeddable":true,"href":"https:\/\/mediagroup.mx\/index.php\/wp-json\/wp\/v2\/categories?post=46490"},{"taxonomy":"post_tag","embeddable":true,"href":"https:\/\/mediagroup.mx\/index.php\/wp-json\/wp\/v2\/tags?post=46490"}],"curies":[{"name":"wp","href":"https:\/\/api.w.org\/{rel}","templated":true}]}}