{"id":46498,"date":"2023-06-26T20:44:16","date_gmt":"2023-06-26T20:44:16","guid":{"rendered":"https:\/\/new.mediagroup.mx\/index.php\/2023\/06\/26\/realizan-primera-sesion-del-primer-parlamento-de-mujeres-2023-en-el-congreso-de-michoacan\/"},"modified":"2023-06-26T20:44:16","modified_gmt":"2023-06-26T20:44:16","slug":"realizan-primera-sesion-del-primer-parlamento-de-mujeres-2023-en-el-congreso-de-michoacan","status":"publish","type":"post","link":"https:\/\/mediagroup.mx\/index.php\/2023\/06\/26\/realizan-primera-sesion-del-primer-parlamento-de-mujeres-2023-en-el-congreso-de-michoacan\/","title":{"rendered":"Realizan primera sesi\u00f3n del \u201cPrimer Parlamento de Mujeres 2023\u201d en el Congreso de Michoac\u00e1n"},"content":{"rendered":"<p>Con la participaci\u00f3n de 40 michoacanas, se realiz\u00f3 la primera sesi\u00f3n del \u201cPrimer Parlamento de Mujeres 2023\u201d en el Congreso del Estado, en donde presentaron sus iniciativas en diversos temas como son violencia de g\u00e9nero, medio ambiente y respeto a las personas con discapacidad.<\/p>\n<p>Previo al inicio de esta sesi\u00f3n, la diputada Er\u00e9ndira Isauro record\u00f3 que las mujeres se encuentran expuestas a diversas violencias por su g\u00e9nero, mismas que se dan incluso al interior del Palacio Legislativo a pesar de que esta LXXV legislatura este integrado en su mayor\u00eda por 25 legisladoras.<\/p>\n<p>Asimismo, resalt\u00f3 que con este parlamento se los legisladores podr\u00e1n aprender sobre diversos temas propuestos por las mujeres que integran este parlamento.<\/p>\n<p>Por su parte, la titular de la Secretar\u00eda de Igualdad Sustantiva y Desarrollo de las Mujeres, Carolina Rangel Gracida celebr\u00f3 la realizaci\u00f3n de este primer parlamento, el cual marcar\u00e1 un precedente y espera que lo presentado en el mismo sean llevados a la practica parlamentaria.<\/p>\n<p>Por: Miguel Santos<\/p>\n","protected":false},"excerpt":{"rendered":"<p>Con la participaci\u00f3n de 40 michoacanas, se realiz\u00f3 la primera sesi\u00f3n del \u201cPrimer Parlamento de Mujeres 2023\u201d en el Congreso del Estado, en donde presentaron sus iniciativas en diversos temas como son violencia de g\u00e9nero, medio ambiente y respeto a las personas con discapacidad. Previo al inicio de esta sesi\u00f3n, la diputada Er\u00e9ndira Isauro record\u00f3 [&hellip;]<\/p>\n","protected":false},"author":1,"featured_media":46499,"comment_status":"open","ping_status":"open","sticky":false,"template":"","format":"standard","meta":{"om_disable_all_campaigns":false,"_monsterinsights_skip_tracking":false,"_monsterinsights_sitenote_active":false,"_monsterinsights_sitenote_note":"","_monsterinsights_sitenote_category":0,"_uf_show_specific_survey":0,"_uf_disable_surveys":false,"_jetpack_memberships_contains_paid_content":false,"footnotes":"","jetpack_publicize_message":"","jetpack_publicize_feature_enabled":true,"jetpack_social_post_already_shared":false,"jetpack_social_options":{"image_generator_settings":{"template":"highway","default_image_id":0,"enabled":false},"version":2}},"categories":[15],"tags":[],"class_list":{"0":"post-46498","1":"post","2":"type-post","3":"status-publish","4":"format-standard","5":"has-post-thumbnail","7":"category-michoacan"},"aioseo_notices":[],"jetpack_publicize_connections":[],"jetpack_featured_media_url":"https:\/\/mediagroup.mx\/wp-content\/uploads\/2023\/06\/26833B91-4016-4F6E-B988-CA76169AADD1.jpeg","jetpack_sharing_enabled":true,"_links":{"self":[{"href":"https:\/\/mediagroup.mx\/index.php\/wp-json\/wp\/v2\/posts\/46498","targetHints":{"allow":["GET"]}}],"collection":[{"href":"https:\/\/mediagroup.mx\/index.php\/wp-json\/wp\/v2\/posts"}],"about":[{"href":"https:\/\/mediagroup.mx\/index.php\/wp-json\/wp\/v2\/types\/post"}],"author":[{"embeddable":true,"href":"https:\/\/mediagroup.mx\/index.php\/wp-json\/wp\/v2\/users\/1"}],"replies":[{"embeddable":true,"href":"https:\/\/mediagroup.mx\/index.php\/wp-json\/wp\/v2\/comments?post=46498"}],"version-history":[{"count":0,"href":"https:\/\/mediagroup.mx\/index.php\/wp-json\/wp\/v2\/posts\/46498\/revisions"}],"wp:featuredmedia":[{"embeddable":true,"href":"https:\/\/mediagroup.mx\/index.php\/wp-json\/wp\/v2\/media\/46499"}],"wp:attachment":[{"href":"https:\/\/mediagroup.mx\/index.php\/wp-json\/wp\/v2\/media?parent=46498"}],"wp:term":[{"taxonomy":"category","embeddable":true,"href":"https:\/\/mediagroup.mx\/index.php\/wp-json\/wp\/v2\/categories?post=46498"},{"taxonomy":"post_tag","embeddable":true,"href":"https:\/\/mediagroup.mx\/index.php\/wp-json\/wp\/v2\/tags?post=46498"}],"curies":[{"name":"wp","href":"https:\/\/api.w.org\/{rel}","templated":true}]}}