{"id":46502,"date":"2023-06-26T20:44:16","date_gmt":"2023-06-26T20:44:16","guid":{"rendered":"https:\/\/new.mediagroup.mx\/index.php\/2023\/06\/26\/mujeres-vitales-para-el-progreso-de-michoacan-75-legislatura\/"},"modified":"2023-06-26T20:44:16","modified_gmt":"2023-06-26T20:44:16","slug":"mujeres-vitales-para-el-progreso-de-michoacan-75-legislatura","status":"publish","type":"post","link":"https:\/\/mediagroup.mx\/index.php\/2023\/06\/26\/mujeres-vitales-para-el-progreso-de-michoacan-75-legislatura\/","title":{"rendered":"Mujeres, vitales para el progreso de Michoac\u00e1n: 75 Legislatura"},"content":{"rendered":"<p style=\"text-align: justify;\">Desde el Parlamento de Mujeres 2023, la diputada Er\u00e9ndira Isauro, vicepresidenta de la Mesa Directiva del Poder Legislativo, reafirm\u00f3 el compromiso del Congreso de Michoac\u00e1n para contribuir a que las voces de las mujeres sean escuchadas, y sus aportaciones, transformadas en leyes que favorezcan la igualdad, la equidad y la inclusi\u00f3n.<\/p>\n<p style=\"text-align: justify;\">La legisladora comparti\u00f3 con las integrantes del Parlamento su propia experiencia personal, destacando que enfrent\u00f3 varias dificultades para llegar a ocupar un espacio en los lugares de la toma de decisiones, \u201cfueron muchos a\u00f1os de lucha, primero por ser mujer, luego por ser ind\u00edgena, por ser madre de familia y una mujer trabajadora\u201d.<\/p>\n<p style=\"text-align: justify;\">Agreg\u00f3 que, a\u00fan en la actualidad, las mujeres, por el simple hecho de serlo, enfrentan diversas dificultades atribuidas a prejuicios sociales que favorecen que el machismo siga presente en todos los espacios de la vida p\u00fablica y privada del pa\u00eds.<\/p>\n<p style=\"text-align: justify;\">\u201cLa violencia pol\u00edtica en raz\u00f3n de g\u00e9nero a\u00fan existe; por ello, hay que cambiar el paradigma e ir m\u00e1s all\u00e1 de un discurso en favor de la mujer, es necesario hacernos presentes en este tipo de ejercicios, aportando nuestras experiencias para fortalecer la equidad y la inclusi\u00f3n\u201d, apunt\u00f3.<\/p>\n<p style=\"text-align: justify;\">De igual forma, Er\u00e9ndira Isauro dijo que este es el momento de ocupar nuevos espacios en honor a la memoria de las mujeres que les antecedieron en la lucha, \u201chay que recordarlas con logros y resultados, para que, donde quiera que se encuentren, sepan que su trabajo no fue en vano, aqu\u00ed estamos y seguiremos luchando\u201d.<\/p>\n<p style=\"text-align: justify;\">A\u00f1adi\u00f3 que a\u00fan existen muchos desaf\u00edos por enfrentar \u201cpero estar hoy aqu\u00ed, har\u00e1 eco y dejar\u00e1 un recordatorio poderoso de que estamos haciendo progresos significativos; reconozco su valent\u00eda, dedicaci\u00f3n, y todas las maneras en que han contribuido a hacer de Michoac\u00e1n un lugar mejor\u201d, agreg\u00f3.<\/p>\n<p style=\"text-align: justify;\">Les dijo finalmente que con el ejemplo de que \u201ccuando nos apoyamos mutuamente y trabajamos juntas, podremos lograr nuestros objetivos, y hoy no es la excepci\u00f3n, pues vemos en este Recinto 40 parlamentarias demostrando que cuando las mujeres nos unimos, podemos cambiar las cosas\u201d, concluy\u00f3.<\/p>\n","protected":false},"excerpt":{"rendered":"<p>Desde el Parlamento de Mujeres 2023, la diputada Er\u00e9ndira Isauro, vicepresidenta de la Mesa Directiva del Poder Legislativo, reafirm\u00f3 el compromiso del Congreso de Michoac\u00e1n para contribuir a que las voces de las mujeres sean escuchadas, y sus aportaciones, transformadas en leyes que favorezcan la igualdad, la equidad y la inclusi\u00f3n. La legisladora comparti\u00f3 con [&hellip;]<\/p>\n","protected":false},"author":1,"featured_media":46503,"comment_status":"open","ping_status":"open","sticky":false,"template":"","format":"standard","meta":{"om_disable_all_campaigns":false,"_monsterinsights_skip_tracking":false,"_monsterinsights_sitenote_active":false,"_monsterinsights_sitenote_note":"","_monsterinsights_sitenote_category":0,"_uf_show_specific_survey":0,"_uf_disable_surveys":false,"_jetpack_memberships_contains_paid_content":false,"footnotes":"","jetpack_publicize_message":"","jetpack_publicize_feature_enabled":true,"jetpack_social_post_already_shared":false,"jetpack_social_options":{"image_generator_settings":{"template":"highway","default_image_id":0,"enabled":false},"version":2}},"categories":[15],"tags":[],"class_list":{"0":"post-46502","1":"post","2":"type-post","3":"status-publish","4":"format-standard","5":"has-post-thumbnail","7":"category-michoacan"},"aioseo_notices":[],"jetpack_publicize_connections":[],"jetpack_featured_media_url":"https:\/\/mediagroup.mx\/wp-content\/uploads\/2023\/06\/WhatsApp-Image-2023-03-17-at-6.01.54-PM.jpeg","jetpack_sharing_enabled":true,"_links":{"self":[{"href":"https:\/\/mediagroup.mx\/index.php\/wp-json\/wp\/v2\/posts\/46502","targetHints":{"allow":["GET"]}}],"collection":[{"href":"https:\/\/mediagroup.mx\/index.php\/wp-json\/wp\/v2\/posts"}],"about":[{"href":"https:\/\/mediagroup.mx\/index.php\/wp-json\/wp\/v2\/types\/post"}],"author":[{"embeddable":true,"href":"https:\/\/mediagroup.mx\/index.php\/wp-json\/wp\/v2\/users\/1"}],"replies":[{"embeddable":true,"href":"https:\/\/mediagroup.mx\/index.php\/wp-json\/wp\/v2\/comments?post=46502"}],"version-history":[{"count":0,"href":"https:\/\/mediagroup.mx\/index.php\/wp-json\/wp\/v2\/posts\/46502\/revisions"}],"wp:featuredmedia":[{"embeddable":true,"href":"https:\/\/mediagroup.mx\/index.php\/wp-json\/wp\/v2\/media\/46503"}],"wp:attachment":[{"href":"https:\/\/mediagroup.mx\/index.php\/wp-json\/wp\/v2\/media?parent=46502"}],"wp:term":[{"taxonomy":"category","embeddable":true,"href":"https:\/\/mediagroup.mx\/index.php\/wp-json\/wp\/v2\/categories?post=46502"},{"taxonomy":"post_tag","embeddable":true,"href":"https:\/\/mediagroup.mx\/index.php\/wp-json\/wp\/v2\/tags?post=46502"}],"curies":[{"name":"wp","href":"https:\/\/api.w.org\/{rel}","templated":true}]}}