{"id":46516,"date":"2023-06-26T20:44:37","date_gmt":"2023-06-26T20:44:37","guid":{"rendered":"https:\/\/new.mediagroup.mx\/index.php\/2023\/06\/26\/proponen-que-el-9-de-marzo-sea-dia-de-luto-estatal-en-conmemoracion-de-todas-las-mujeres-victimas-de-violencia\/"},"modified":"2023-06-26T20:44:37","modified_gmt":"2023-06-26T20:44:37","slug":"proponen-que-el-9-de-marzo-sea-dia-de-luto-estatal-en-conmemoracion-de-todas-las-mujeres-victimas-de-violencia","status":"publish","type":"post","link":"https:\/\/mediagroup.mx\/index.php\/2023\/06\/26\/proponen-que-el-9-de-marzo-sea-dia-de-luto-estatal-en-conmemoracion-de-todas-las-mujeres-victimas-de-violencia\/","title":{"rendered":"Proponen que el 9 de marzo sea \u201cD\u00eda de Luto Estatal en conmemoraci\u00f3n de todas las mujeres v\u00edctimas de violencia\u201d"},"content":{"rendered":"<p>Para hacer conciencia entre los michoacanos, en el Congreso del Estado se propuso que cada 9 de marzo se considere como \u201cD\u00eda de luto estatal en conmemoraci\u00f3n de todas las mujeres v\u00edctimas de violencia\u201d como una forma de recordar a todas las mujeres que han muerto a causa de la violencia de g\u00e9nero.<\/p>\n<p>La propuesta fue presentada por la diputada Liz Alejandra Hern\u00e1ndez Morales, del grupo parlamentario del Partido Acci\u00f3n Nacional (PAN), quien resalt\u00f3 la importancia del mes de marzo en el que se conmemora el \u201cD\u00eda Internacional de la Mujer\u201d por visibilizar la violencia que existe hacia la mujer.<\/p>\n<p>La legisladora indic\u00f3 que, si bien con esto no se puede eliminar la violencia de g\u00e9nero de tajo, si se puede ir eliminando poco a poco generando conciencia en la ciudadan\u00eda, por ello la importancia de la aprobaci\u00f3n de este \u201cd\u00eda de luto estatal\u201d.<\/p>\n<p>&nbsp;<\/p>\n<p>Por: Miguel Santos<\/p>\n","protected":false},"excerpt":{"rendered":"<p>Para hacer conciencia entre los michoacanos, en el Congreso del Estado se propuso que cada 9 de marzo se considere como \u201cD\u00eda de luto estatal en conmemoraci\u00f3n de todas las mujeres v\u00edctimas de violencia\u201d como una forma de recordar a todas las mujeres que han muerto a causa de la violencia de g\u00e9nero. La propuesta [&hellip;]<\/p>\n","protected":false},"author":1,"featured_media":46517,"comment_status":"open","ping_status":"open","sticky":false,"template":"","format":"standard","meta":{"om_disable_all_campaigns":false,"_monsterinsights_skip_tracking":false,"_monsterinsights_sitenote_active":false,"_monsterinsights_sitenote_note":"","_monsterinsights_sitenote_category":0,"_uf_show_specific_survey":0,"_uf_disable_surveys":false,"_jetpack_memberships_contains_paid_content":false,"footnotes":"","jetpack_publicize_message":"","jetpack_publicize_feature_enabled":true,"jetpack_social_post_already_shared":false,"jetpack_social_options":{"image_generator_settings":{"template":"highway","default_image_id":0,"enabled":false},"version":2}},"categories":[15],"tags":[],"class_list":{"0":"post-46516","1":"post","2":"type-post","3":"status-publish","4":"format-standard","5":"has-post-thumbnail","7":"category-michoacan"},"aioseo_notices":[],"jetpack_publicize_connections":[],"jetpack_featured_media_url":"https:\/\/mediagroup.mx\/wp-content\/uploads\/2023\/06\/19BCD330-1817-479E-8AFC-A7C657CDF66C.jpeg","jetpack_sharing_enabled":true,"_links":{"self":[{"href":"https:\/\/mediagroup.mx\/index.php\/wp-json\/wp\/v2\/posts\/46516","targetHints":{"allow":["GET"]}}],"collection":[{"href":"https:\/\/mediagroup.mx\/index.php\/wp-json\/wp\/v2\/posts"}],"about":[{"href":"https:\/\/mediagroup.mx\/index.php\/wp-json\/wp\/v2\/types\/post"}],"author":[{"embeddable":true,"href":"https:\/\/mediagroup.mx\/index.php\/wp-json\/wp\/v2\/users\/1"}],"replies":[{"embeddable":true,"href":"https:\/\/mediagroup.mx\/index.php\/wp-json\/wp\/v2\/comments?post=46516"}],"version-history":[{"count":0,"href":"https:\/\/mediagroup.mx\/index.php\/wp-json\/wp\/v2\/posts\/46516\/revisions"}],"wp:featuredmedia":[{"embeddable":true,"href":"https:\/\/mediagroup.mx\/index.php\/wp-json\/wp\/v2\/media\/46517"}],"wp:attachment":[{"href":"https:\/\/mediagroup.mx\/index.php\/wp-json\/wp\/v2\/media?parent=46516"}],"wp:term":[{"taxonomy":"category","embeddable":true,"href":"https:\/\/mediagroup.mx\/index.php\/wp-json\/wp\/v2\/categories?post=46516"},{"taxonomy":"post_tag","embeddable":true,"href":"https:\/\/mediagroup.mx\/index.php\/wp-json\/wp\/v2\/tags?post=46516"}],"curies":[{"name":"wp","href":"https:\/\/api.w.org\/{rel}","templated":true}]}}