{"id":46520,"date":"2023-06-26T20:44:37","date_gmt":"2023-06-26T20:44:37","guid":{"rendered":"https:\/\/new.mediagroup.mx\/index.php\/2023\/06\/26\/sefeco-prepara-celebracion-de-la-expo-cruz-de-barro-de-capula\/"},"modified":"2023-06-26T20:44:37","modified_gmt":"2023-06-26T20:44:37","slug":"sefeco-prepara-celebracion-de-la-expo-cruz-de-barro-de-capula","status":"publish","type":"post","link":"https:\/\/mediagroup.mx\/index.php\/2023\/06\/26\/sefeco-prepara-celebracion-de-la-expo-cruz-de-barro-de-capula\/","title":{"rendered":"Sefeco prepara celebraci\u00f3n de la Expo Cruz de Barro de Capula"},"content":{"rendered":"<p>La Secretar\u00eda de Fomento Econ\u00f3mico de Morelia (SEFECO) inform\u00f3 en un comunicado que trabaja en la coordinaci\u00f3n de la Expo Cruz de Barro de Capula 2023, que est\u00e1 programada del 31 de marzo al 10 de abril, para lo que la dependencia municipal ha brindado asesor\u00eda y apoyo para que los artesanos lleven a cabo este evento distintivo de Semana Santa.<\/p>\n<p>Aunado a ello, se comunic\u00f3 que este fin de semana se realizaron dos eventos que dejaron una derrama econ\u00f3mica de 25 millones de peso, con m\u00e1s de 15 mil personas y visitantes de otros estados y pa\u00edses como Estados Unidos y Costar Rica; estas actividades fueron el evento deportivo Spring Brake Game y el 1er. Festival de la Familia Moreliana, donde se ofert\u00f3 comida tradicional con cocineras de las tenencias de Morelia.<\/p>\n<p>Guadalupe Herrera Calder\u00f3n, titular de la SEFECO, dijo que con estas actividades buscan recuperar la econom\u00eda local afectada por la pandemia de COVID-19 y otros factores, lo cual ha sido una instrucci\u00f3n clara de esta administraci\u00f3n.<\/p>\n<p>Por: Jes\u00fas Gonz\u00e1lez<\/p>\n","protected":false},"excerpt":{"rendered":"<p>La Secretar\u00eda de Fomento Econ\u00f3mico de Morelia (SEFECO) inform\u00f3 en un comunicado que trabaja en la coordinaci\u00f3n de la Expo Cruz de Barro de Capula 2023, que est\u00e1 programada del 31 de marzo al 10 de abril, para lo que la dependencia municipal ha brindado asesor\u00eda y apoyo para que los artesanos lleven a cabo [&hellip;]<\/p>\n","protected":false},"author":1,"featured_media":46521,"comment_status":"open","ping_status":"open","sticky":false,"template":"","format":"standard","meta":{"om_disable_all_campaigns":false,"_monsterinsights_skip_tracking":false,"_monsterinsights_sitenote_active":false,"_monsterinsights_sitenote_note":"","_monsterinsights_sitenote_category":0,"_uf_show_specific_survey":0,"_uf_disable_surveys":false,"_jetpack_memberships_contains_paid_content":false,"footnotes":"","jetpack_publicize_message":"","jetpack_publicize_feature_enabled":true,"jetpack_social_post_already_shared":false,"jetpack_social_options":{"image_generator_settings":{"template":"highway","default_image_id":0,"enabled":false},"version":2}},"categories":[17],"tags":[],"class_list":{"0":"post-46520","1":"post","2":"type-post","3":"status-publish","4":"format-standard","5":"has-post-thumbnail","7":"category-morelia"},"aioseo_notices":[],"jetpack_publicize_connections":[],"jetpack_featured_media_url":"https:\/\/mediagroup.mx\/wp-content\/uploads\/2023\/06\/67AE6399-59C9-47DD-8DAE-897921615947.jpeg","jetpack_sharing_enabled":true,"_links":{"self":[{"href":"https:\/\/mediagroup.mx\/index.php\/wp-json\/wp\/v2\/posts\/46520","targetHints":{"allow":["GET"]}}],"collection":[{"href":"https:\/\/mediagroup.mx\/index.php\/wp-json\/wp\/v2\/posts"}],"about":[{"href":"https:\/\/mediagroup.mx\/index.php\/wp-json\/wp\/v2\/types\/post"}],"author":[{"embeddable":true,"href":"https:\/\/mediagroup.mx\/index.php\/wp-json\/wp\/v2\/users\/1"}],"replies":[{"embeddable":true,"href":"https:\/\/mediagroup.mx\/index.php\/wp-json\/wp\/v2\/comments?post=46520"}],"version-history":[{"count":0,"href":"https:\/\/mediagroup.mx\/index.php\/wp-json\/wp\/v2\/posts\/46520\/revisions"}],"wp:featuredmedia":[{"embeddable":true,"href":"https:\/\/mediagroup.mx\/index.php\/wp-json\/wp\/v2\/media\/46521"}],"wp:attachment":[{"href":"https:\/\/mediagroup.mx\/index.php\/wp-json\/wp\/v2\/media?parent=46520"}],"wp:term":[{"taxonomy":"category","embeddable":true,"href":"https:\/\/mediagroup.mx\/index.php\/wp-json\/wp\/v2\/categories?post=46520"},{"taxonomy":"post_tag","embeddable":true,"href":"https:\/\/mediagroup.mx\/index.php\/wp-json\/wp\/v2\/tags?post=46520"}],"curies":[{"name":"wp","href":"https:\/\/api.w.org\/{rel}","templated":true}]}}