{"id":46524,"date":"2023-06-26T20:44:37","date_gmt":"2023-06-26T20:44:37","guid":{"rendered":"https:\/\/new.mediagroup.mx\/index.php\/2023\/06\/26\/autoridades-deben-hacer-valer-el-mandato-legal-para-el-escalon-universal-victor-zurita\/"},"modified":"2023-06-26T20:44:37","modified_gmt":"2023-06-26T20:44:37","slug":"autoridades-deben-hacer-valer-el-mandato-legal-para-el-escalon-universal-victor-zurita","status":"publish","type":"post","link":"https:\/\/mediagroup.mx\/index.php\/2023\/06\/26\/autoridades-deben-hacer-valer-el-mandato-legal-para-el-escalon-universal-victor-zurita\/","title":{"rendered":"Autoridades deben hacer valer el mandato legal para el escal\u00f3n universal: V\u00edctor Zurita"},"content":{"rendered":"<p>En Michoac\u00e1n las autoridades deben hacer el mandato legal establecido por el Poder Legislativo dentro de la Ley para la Inclusi\u00f3n de Personas con Discapacidad, para la instrumentaci\u00f3n del llamado escal\u00f3n universal, recalc\u00f3 el diputado V\u00edctor Zurita Ortiz, presidente de la Comisi\u00f3n Especial para las Personas con Discapacidad en la LXXV Legislatura del Congreso del Estado.<\/p>\n<p>El diputado integrante del Grupo Parlamentario de Morena record\u00f3 que en septiembre de 2022 la actual Legislatura aprob\u00f3 la reforma que \u00e9l plante\u00f3 para garantizar la accesibilidad de personas de talla baja, por lo que ahora est\u00e1 en la cancha de las autoridades hacer valer las disposiciones normativas.<\/p>\n<p>\u201cEn Michoac\u00e1n, para asegurar la accesibilidad en la infraestructura b\u00e1sica, equipamiento o entorno urbano en los espacios p\u00fablicos y privados al uso p\u00fablico, por Ley ya se atienden los principios del dise\u00f1o universal como ajustes razonables como lo es el escal\u00f3n universal, ahora, lo que precisamos es que el mandato legal se convierta en realidad\u201d.<\/p>\n<p>V\u00edctor Zurita record\u00f3 que en Michoac\u00e1n como en M\u00e9xico, las personas de talla baja se enfrentan en su vida diaria a considerables barreras arquitect\u00f3nicas que hacen complicado su d\u00eda a d\u00eda.<\/p>\n<p>\u201cEs necesario que entendamos que uno de los problemas m\u00e1s frecuentes es la altura de las cosas, como es el caso de la altura de una ventanilla de atenci\u00f3n en algunas dependencias gubernamentales, bancos o instituciones educativas, la altura de los lavamanos en los sanitarios, el acceso al transporte p\u00fablico, la altura de algunos escalones o banquetas; por tal motivo, se ve necesaria la implementaci\u00f3n de escalones universales, como un apoyo para facilitar el acceso a las personas de talla baja a diversos espacios\u201d.<\/p>\n<p>En ese sentido record\u00f3 que el Escal\u00f3n Universal busca que las personas de talla baja puedan tener alcance en ventanillas, en ba\u00f1os, oficinas, supermercados y en cualquier espacio p\u00fablico en donde exista una barrera que les impida desempe\u00f1arse en igualdad de condiciones.<\/p>\n<p>\u201cEste grupo poblacional representa una minor\u00eda, ya que es una condici\u00f3n poco com\u00fan; sin embargo, se deben hacer visibles sus derechos humanos, sin importar su incidencia, para que tengan una vida digna en todos los \u00e1mbitos y en igualdad de condiciones\u201d, subray\u00f3.<\/p>\n","protected":false},"excerpt":{"rendered":"<p>En Michoac\u00e1n las autoridades deben hacer el mandato legal establecido por el Poder Legislativo dentro de la Ley para la Inclusi\u00f3n de Personas con Discapacidad, para la instrumentaci\u00f3n del llamado escal\u00f3n universal, recalc\u00f3 el diputado V\u00edctor Zurita Ortiz, presidente de la Comisi\u00f3n Especial para las Personas con Discapacidad en la LXXV Legislatura del Congreso del [&hellip;]<\/p>\n","protected":false},"author":1,"featured_media":46525,"comment_status":"open","ping_status":"open","sticky":false,"template":"","format":"standard","meta":{"om_disable_all_campaigns":false,"_monsterinsights_skip_tracking":false,"_monsterinsights_sitenote_active":false,"_monsterinsights_sitenote_note":"","_monsterinsights_sitenote_category":0,"_uf_show_specific_survey":0,"_uf_disable_surveys":false,"_jetpack_memberships_contains_paid_content":false,"footnotes":"","jetpack_publicize_message":"","jetpack_publicize_feature_enabled":true,"jetpack_social_post_already_shared":false,"jetpack_social_options":{"image_generator_settings":{"template":"highway","default_image_id":0,"enabled":false},"version":2}},"categories":[15],"tags":[],"class_list":{"0":"post-46524","1":"post","2":"type-post","3":"status-publish","4":"format-standard","5":"has-post-thumbnail","7":"category-michoacan"},"aioseo_notices":[],"jetpack_publicize_connections":[],"jetpack_featured_media_url":"https:\/\/mediagroup.mx\/wp-content\/uploads\/2023\/06\/531951EA-09D5-4ABD-B0CF-126ECA5AF98C.jpeg","jetpack_sharing_enabled":true,"_links":{"self":[{"href":"https:\/\/mediagroup.mx\/index.php\/wp-json\/wp\/v2\/posts\/46524","targetHints":{"allow":["GET"]}}],"collection":[{"href":"https:\/\/mediagroup.mx\/index.php\/wp-json\/wp\/v2\/posts"}],"about":[{"href":"https:\/\/mediagroup.mx\/index.php\/wp-json\/wp\/v2\/types\/post"}],"author":[{"embeddable":true,"href":"https:\/\/mediagroup.mx\/index.php\/wp-json\/wp\/v2\/users\/1"}],"replies":[{"embeddable":true,"href":"https:\/\/mediagroup.mx\/index.php\/wp-json\/wp\/v2\/comments?post=46524"}],"version-history":[{"count":0,"href":"https:\/\/mediagroup.mx\/index.php\/wp-json\/wp\/v2\/posts\/46524\/revisions"}],"wp:featuredmedia":[{"embeddable":true,"href":"https:\/\/mediagroup.mx\/index.php\/wp-json\/wp\/v2\/media\/46525"}],"wp:attachment":[{"href":"https:\/\/mediagroup.mx\/index.php\/wp-json\/wp\/v2\/media?parent=46524"}],"wp:term":[{"taxonomy":"category","embeddable":true,"href":"https:\/\/mediagroup.mx\/index.php\/wp-json\/wp\/v2\/categories?post=46524"},{"taxonomy":"post_tag","embeddable":true,"href":"https:\/\/mediagroup.mx\/index.php\/wp-json\/wp\/v2\/tags?post=46524"}],"curies":[{"name":"wp","href":"https:\/\/api.w.org\/{rel}","templated":true}]}}