{"id":46526,"date":"2023-06-26T20:44:37","date_gmt":"2023-06-26T20:44:37","guid":{"rendered":"https:\/\/new.mediagroup.mx\/index.php\/2023\/06\/26\/delincuentes-queman-camion-de-carga-en-la-salida-a-toluca\/"},"modified":"2023-06-26T20:44:37","modified_gmt":"2023-06-26T20:44:37","slug":"delincuentes-queman-camion-de-carga-en-la-salida-a-toluca","status":"publish","type":"post","link":"https:\/\/mediagroup.mx\/index.php\/2023\/06\/26\/delincuentes-queman-camion-de-carga-en-la-salida-a-toluca\/","title":{"rendered":"Delincuentes queman cami\u00f3n de carga en la salida a Toluca"},"content":{"rendered":"<p>La tarde noche de este lunes se encendieron las alertas en el municipio de Zit\u00e1cuaro, luego de que se reportara que sujetos armados incendiaron un cami\u00f3n de carga en la salida a Toluca. Situaci\u00f3n que fue controlada de manera oportuna por los Bomberos, sin que se reportaran personas heridas.<\/p>\n<p>El siniestro se registr\u00f3 sobre la Carretera Federal Zit\u00e1cuaro-Toluca a la altura del pante\u00f3n Jardines, hasta donde se movilizaron los vulcanos, mismos que a su llegada encontraron la cabina de dicho automotor ardiendo, por lo que de inmediato comenzaron a atacar el fuego con chorros de agua a presi\u00f3n.<\/p>\n<p>En el sitio param\u00e9dicos auxiliaron al conductor de 22 a\u00f1os de edad, mismo que presentaba crisis nerviosa. Trascendi\u00f3 que fueron al menos dos tipos que pistola en mano ordenaron al chofer a descender de su unidad y acto seguido le prendieron fuego.<\/p>\n<p>Se pudo apreciar que la unidad siniestrada es una de la marca Dina, con cabina de color guinda y caja blanca. La r\u00e1pida acci\u00f3n de los Bomberos Zit\u00e1cuaro impidi\u00f3 que el incendi\u00f3 alcanzara la carga del tractocami\u00f3n.<\/p>\n<p>Lo anterior desat\u00f3 un fuerte operativo en busca de los incendiarios, sin embargo hasta el momento no se ha reportado alguna detenci\u00f3n relacionada con el caso.<\/p>\n","protected":false},"excerpt":{"rendered":"<p>La tarde noche de este lunes se encendieron las alertas en el municipio de Zit\u00e1cuaro, luego de que se reportara que sujetos armados incendiaron un cami\u00f3n de carga en la salida a Toluca. Situaci\u00f3n que fue controlada de manera oportuna por los Bomberos, sin que se reportaran personas heridas. El siniestro se registr\u00f3 sobre la [&hellip;]<\/p>\n","protected":false},"author":1,"featured_media":46527,"comment_status":"open","ping_status":"open","sticky":false,"template":"","format":"standard","meta":{"om_disable_all_campaigns":false,"_monsterinsights_skip_tracking":false,"_monsterinsights_sitenote_active":false,"_monsterinsights_sitenote_note":"","_monsterinsights_sitenote_category":0,"_uf_show_specific_survey":0,"_uf_disable_surveys":false,"_jetpack_memberships_contains_paid_content":false,"footnotes":"","jetpack_publicize_message":"","jetpack_publicize_feature_enabled":true,"jetpack_social_post_already_shared":false,"jetpack_social_options":{"image_generator_settings":{"template":"highway","default_image_id":0,"enabled":false},"version":2}},"categories":[24],"tags":[],"class_list":{"0":"post-46526","1":"post","2":"type-post","3":"status-publish","4":"format-standard","5":"has-post-thumbnail","7":"category-seguridad"},"aioseo_notices":[],"jetpack_publicize_connections":[],"jetpack_featured_media_url":"https:\/\/mediagroup.mx\/wp-content\/uploads\/2023\/06\/DC34C6DC-66AF-4BEF-BC0C-EAEF403234BD.jpeg","jetpack_sharing_enabled":true,"_links":{"self":[{"href":"https:\/\/mediagroup.mx\/index.php\/wp-json\/wp\/v2\/posts\/46526","targetHints":{"allow":["GET"]}}],"collection":[{"href":"https:\/\/mediagroup.mx\/index.php\/wp-json\/wp\/v2\/posts"}],"about":[{"href":"https:\/\/mediagroup.mx\/index.php\/wp-json\/wp\/v2\/types\/post"}],"author":[{"embeddable":true,"href":"https:\/\/mediagroup.mx\/index.php\/wp-json\/wp\/v2\/users\/1"}],"replies":[{"embeddable":true,"href":"https:\/\/mediagroup.mx\/index.php\/wp-json\/wp\/v2\/comments?post=46526"}],"version-history":[{"count":0,"href":"https:\/\/mediagroup.mx\/index.php\/wp-json\/wp\/v2\/posts\/46526\/revisions"}],"wp:featuredmedia":[{"embeddable":true,"href":"https:\/\/mediagroup.mx\/index.php\/wp-json\/wp\/v2\/media\/46527"}],"wp:attachment":[{"href":"https:\/\/mediagroup.mx\/index.php\/wp-json\/wp\/v2\/media?parent=46526"}],"wp:term":[{"taxonomy":"category","embeddable":true,"href":"https:\/\/mediagroup.mx\/index.php\/wp-json\/wp\/v2\/categories?post=46526"},{"taxonomy":"post_tag","embeddable":true,"href":"https:\/\/mediagroup.mx\/index.php\/wp-json\/wp\/v2\/tags?post=46526"}],"curies":[{"name":"wp","href":"https:\/\/api.w.org\/{rel}","templated":true}]}}