{"id":46532,"date":"2023-06-26T20:44:37","date_gmt":"2023-06-26T20:44:37","guid":{"rendered":"https:\/\/new.mediagroup.mx\/index.php\/2023\/06\/26\/convoca-75-legislatura-al-3er-foro-de-atencion-a-personas-con-discapacidad\/"},"modified":"2023-06-26T20:44:37","modified_gmt":"2023-06-26T20:44:37","slug":"convoca-75-legislatura-al-3er-foro-de-atencion-a-personas-con-discapacidad","status":"publish","type":"post","link":"https:\/\/mediagroup.mx\/index.php\/2023\/06\/26\/convoca-75-legislatura-al-3er-foro-de-atencion-a-personas-con-discapacidad\/","title":{"rendered":"Convoca 75 Legislatura al 3er Foro de Atenci\u00f3n a Personas con Discapacidad"},"content":{"rendered":"<p>Para construir un marco jur\u00eddico que d\u00e9 respuesta a las demandas y necesidades de la poblaci\u00f3n vulnerable, la 75 Legislatura de Michoac\u00e1n convoca al Tercer Foro de Atenci\u00f3n a Personas con Discapacidad.<\/p>\n<p>El diputado V\u00edctor Hugo Zurita Ort\u00edz, presidente de la Comisi\u00f3n Especial de Atenci\u00f3n a este sector poblacional, afirm\u00f3 que el Poder Legislativo se ha caracterizado por ser inclusivo y abierto a escuchar a la sociedad, atender las necesidades del pueblo y legislar de la mano con la ciudadan\u00eda.<\/p>\n<p>En este contexto, inform\u00f3 que ya se han llevado a cabo dos foros, el primero en la ciudad de Zamora y el segunda en Morelia, adem\u00e1s de que se tiene previsto realizar otro en el municipio de \u00c1lvaro Obreg\u00f3n, el pr\u00f3ximo 31 de marzo.<\/p>\n<p>El diputado convoc\u00f3 a las personas que tengan alguna discapacidad o que tengan un conocido y\/o familiar con discapacidad, ya que podr\u00e1n participar en dicho foro a fin de aportar ideas y propuestas para generar mejoras y fortalecer el sistema legal que actualmente existe en la entidad.<\/p>\n<p>V\u00edctor Zurita explic\u00f3 que los interesados se podr\u00e1n inscribir en: https:\/\/forms.gle\/2oiyg9Z3btysg3hS9, desde d\u00f3nde podr\u00e1n asegurar su participaci\u00f3n y en conjunto, todos aportar propuestas que confluyan en resultados positivos para las personas con discapacidad.<\/p>\n<p>\u201cNosotros refrendamos que esta es la legislatura de la inclusi\u00f3n, y eso abarca desde hacer leyes para todas y todos; no vamos a hacer leyes pensando pol\u00edticamente, sino leyes que realmente sean de beneficio para las y los michoacanos\u201d, finaliz\u00f3 el diputado Zurita.<\/p>\n","protected":false},"excerpt":{"rendered":"<p>Para construir un marco jur\u00eddico que d\u00e9 respuesta a las demandas y necesidades de la poblaci\u00f3n vulnerable, la 75 Legislatura de Michoac\u00e1n convoca al Tercer Foro de Atenci\u00f3n a Personas con Discapacidad. El diputado V\u00edctor Hugo Zurita Ort\u00edz, presidente de la Comisi\u00f3n Especial de Atenci\u00f3n a este sector poblacional, afirm\u00f3 que el Poder Legislativo se [&hellip;]<\/p>\n","protected":false},"author":1,"featured_media":46533,"comment_status":"open","ping_status":"open","sticky":false,"template":"","format":"standard","meta":{"om_disable_all_campaigns":false,"_monsterinsights_skip_tracking":false,"_monsterinsights_sitenote_active":false,"_monsterinsights_sitenote_note":"","_monsterinsights_sitenote_category":0,"_uf_show_specific_survey":0,"_uf_disable_surveys":false,"_jetpack_memberships_contains_paid_content":false,"footnotes":"","jetpack_publicize_message":"","jetpack_publicize_feature_enabled":true,"jetpack_social_post_already_shared":false,"jetpack_social_options":{"image_generator_settings":{"template":"highway","default_image_id":0,"enabled":false},"version":2}},"categories":[15],"tags":[],"class_list":{"0":"post-46532","1":"post","2":"type-post","3":"status-publish","4":"format-standard","5":"has-post-thumbnail","7":"category-michoacan"},"aioseo_notices":[],"jetpack_publicize_connections":[],"jetpack_featured_media_url":"https:\/\/mediagroup.mx\/wp-content\/uploads\/2023\/06\/B9A2FA32-07F5-48FA-9B5C-CE83DC002700.jpeg","jetpack_sharing_enabled":true,"_links":{"self":[{"href":"https:\/\/mediagroup.mx\/index.php\/wp-json\/wp\/v2\/posts\/46532","targetHints":{"allow":["GET"]}}],"collection":[{"href":"https:\/\/mediagroup.mx\/index.php\/wp-json\/wp\/v2\/posts"}],"about":[{"href":"https:\/\/mediagroup.mx\/index.php\/wp-json\/wp\/v2\/types\/post"}],"author":[{"embeddable":true,"href":"https:\/\/mediagroup.mx\/index.php\/wp-json\/wp\/v2\/users\/1"}],"replies":[{"embeddable":true,"href":"https:\/\/mediagroup.mx\/index.php\/wp-json\/wp\/v2\/comments?post=46532"}],"version-history":[{"count":0,"href":"https:\/\/mediagroup.mx\/index.php\/wp-json\/wp\/v2\/posts\/46532\/revisions"}],"wp:featuredmedia":[{"embeddable":true,"href":"https:\/\/mediagroup.mx\/index.php\/wp-json\/wp\/v2\/media\/46533"}],"wp:attachment":[{"href":"https:\/\/mediagroup.mx\/index.php\/wp-json\/wp\/v2\/media?parent=46532"}],"wp:term":[{"taxonomy":"category","embeddable":true,"href":"https:\/\/mediagroup.mx\/index.php\/wp-json\/wp\/v2\/categories?post=46532"},{"taxonomy":"post_tag","embeddable":true,"href":"https:\/\/mediagroup.mx\/index.php\/wp-json\/wp\/v2\/tags?post=46532"}],"curies":[{"name":"wp","href":"https:\/\/api.w.org\/{rel}","templated":true}]}}