{"id":46538,"date":"2023-06-26T20:44:37","date_gmt":"2023-06-26T20:44:37","guid":{"rendered":"https:\/\/new.mediagroup.mx\/index.php\/2023\/06\/26\/segunda-edicion-de-la-kuinchekua-fue-tres-veces-mas-grande-destacan-autoridades\/"},"modified":"2023-06-26T20:44:37","modified_gmt":"2023-06-26T20:44:37","slug":"segunda-edicion-de-la-kuinchekua-fue-tres-veces-mas-grande-destacan-autoridades","status":"publish","type":"post","link":"https:\/\/mediagroup.mx\/index.php\/2023\/06\/26\/segunda-edicion-de-la-kuinchekua-fue-tres-veces-mas-grande-destacan-autoridades\/","title":{"rendered":"Segunda edici\u00f3n de la Kuinchekua fue tres veces m\u00e1s grande, destacan autoridades"},"content":{"rendered":"<p>Durante los cuatro d\u00edas de su segunda edici\u00f3n, el festival de m\u00fasica, danza y folklor \u201cKuinchekua\u201d, reuni\u00f3 a poco m\u00e1s de 15 mil asistentes, y lo que represent\u00f3, un crecimiento de hasta tres veces m\u00e1s respecto a su primera edici\u00f3n, inform\u00f3 el secretario de Turismo del estado, Roberto Monroy Garc\u00eda.<\/p>\n<p>En conferencia de prensa, el funcionario dio a conocer que tras las cuatro presentaciones del evento en las Y\u00e1catas de Tzintzuntzan, la afluencia de visitantes triplemente mayor a la del 2022 cuando se present\u00f3 por primera vez a \u201cla fiesta de Michoac\u00e1n\u201d, en tanto que la derrama econ\u00f3mica, fue de poco m\u00e1s de 10 millones de pesos.<\/p>\n<p>Asimismo, Monroy Garc\u00eda explic\u00f3 que por cada una de las funciones acudieron 3 mil 810 personas y de las cuales el 57 por ciento fueron mujeres y el 43% hombres mientras que del total de las y los asistentes, el 21% fueron turistas procedentes de 10 estados del pa\u00eds y 8 pa\u00edses del extranjero con un promedio de dos de d\u00edas de estancia en Michoac\u00e1n.<\/p>\n<p>Por \u00faltimo, la secretaria de Cultura, Tamara Sosa Alan\u00eds, mencion\u00f3 que como parte de la clausura de la Kuinchekua 2023, se entregaron galardones para las y los artistas que formaron parte del evento y el cual continuar\u00e1 reconociendo a las y los art\u00edfices de la fiesta michoacana.<\/p>\n<p>Por: Miguel Santos<\/p>\n","protected":false},"excerpt":{"rendered":"<p>Durante los cuatro d\u00edas de su segunda edici\u00f3n, el festival de m\u00fasica, danza y folklor \u201cKuinchekua\u201d, reuni\u00f3 a poco m\u00e1s de 15 mil asistentes, y lo que represent\u00f3, un crecimiento de hasta tres veces m\u00e1s respecto a su primera edici\u00f3n, inform\u00f3 el secretario de Turismo del estado, Roberto Monroy Garc\u00eda. En conferencia de prensa, el [&hellip;]<\/p>\n","protected":false},"author":1,"featured_media":46539,"comment_status":"open","ping_status":"open","sticky":false,"template":"","format":"standard","meta":{"om_disable_all_campaigns":false,"_monsterinsights_skip_tracking":false,"_monsterinsights_sitenote_active":false,"_monsterinsights_sitenote_note":"","_monsterinsights_sitenote_category":0,"_uf_show_specific_survey":0,"_uf_disable_surveys":false,"_jetpack_memberships_contains_paid_content":false,"footnotes":"","jetpack_publicize_message":"","jetpack_publicize_feature_enabled":true,"jetpack_social_post_already_shared":false,"jetpack_social_options":{"image_generator_settings":{"template":"highway","default_image_id":0,"enabled":false},"version":2}},"categories":[25],"tags":[],"class_list":{"0":"post-46538","1":"post","2":"type-post","3":"status-publish","4":"format-standard","5":"has-post-thumbnail","7":"category-cultura"},"aioseo_notices":[],"jetpack_publicize_connections":[],"jetpack_featured_media_url":"https:\/\/mediagroup.mx\/wp-content\/uploads\/2023\/06\/2B70D6CF-2AB8-42FB-A5C4-6A83E44D358F.jpeg","jetpack_sharing_enabled":true,"_links":{"self":[{"href":"https:\/\/mediagroup.mx\/index.php\/wp-json\/wp\/v2\/posts\/46538","targetHints":{"allow":["GET"]}}],"collection":[{"href":"https:\/\/mediagroup.mx\/index.php\/wp-json\/wp\/v2\/posts"}],"about":[{"href":"https:\/\/mediagroup.mx\/index.php\/wp-json\/wp\/v2\/types\/post"}],"author":[{"embeddable":true,"href":"https:\/\/mediagroup.mx\/index.php\/wp-json\/wp\/v2\/users\/1"}],"replies":[{"embeddable":true,"href":"https:\/\/mediagroup.mx\/index.php\/wp-json\/wp\/v2\/comments?post=46538"}],"version-history":[{"count":0,"href":"https:\/\/mediagroup.mx\/index.php\/wp-json\/wp\/v2\/posts\/46538\/revisions"}],"wp:featuredmedia":[{"embeddable":true,"href":"https:\/\/mediagroup.mx\/index.php\/wp-json\/wp\/v2\/media\/46539"}],"wp:attachment":[{"href":"https:\/\/mediagroup.mx\/index.php\/wp-json\/wp\/v2\/media?parent=46538"}],"wp:term":[{"taxonomy":"category","embeddable":true,"href":"https:\/\/mediagroup.mx\/index.php\/wp-json\/wp\/v2\/categories?post=46538"},{"taxonomy":"post_tag","embeddable":true,"href":"https:\/\/mediagroup.mx\/index.php\/wp-json\/wp\/v2\/tags?post=46538"}],"curies":[{"name":"wp","href":"https:\/\/api.w.org\/{rel}","templated":true}]}}