{"id":46540,"date":"2023-06-26T20:44:37","date_gmt":"2023-06-26T20:44:37","guid":{"rendered":"https:\/\/new.mediagroup.mx\/index.php\/2023\/06\/26\/see-prepara-protocolos-para-prevenir-y-atender-casos-de-bullying-alfredo-ramirez\/"},"modified":"2023-06-26T20:44:37","modified_gmt":"2023-06-26T20:44:37","slug":"see-prepara-protocolos-para-prevenir-y-atender-casos-de-bullying-alfredo-ramirez","status":"publish","type":"post","link":"https:\/\/mediagroup.mx\/index.php\/2023\/06\/26\/see-prepara-protocolos-para-prevenir-y-atender-casos-de-bullying-alfredo-ramirez\/","title":{"rendered":"SEE prepara protocolos para prevenir y atender casos de bullying: Alfredo Ram\u00edrez"},"content":{"rendered":"<p>Luego de la muerte de una estudiante en Teotihuac\u00e1n, Estado de M\u00e9xico a causa de una pelea por bullying, el gobernador del estado Alfredo Ram\u00edrez Bedolla indic\u00f3 que la Secretar\u00eda de Educaci\u00f3n de Michoac\u00e1n prepara un protocolo para prevenir y atender al acoso en las escuelas.<\/p>\n<p>Cuestionado al respecto, el mandatario reconoci\u00f3 que el homicidio de la estudiante Norma Lizbeth de tan solo 14 a\u00f1os a manos de una de sus compa\u00f1eras, \u201cencendi\u00f3 las alertas en el sistema escolar\u201d, pues la fatal pelea, se dio a ra\u00edz del hartazgo de la joven que sufr\u00eda acoso.<br \/>\nPor ello, el gobernador extern\u00f3 su preocupaci\u00f3n y manifest\u00f3 que por conducto de SEE y su titular, Gabriela Molina Aguilar, se contar\u00e1 con protocolo especial para evitar y atender cualquier caso de bullying que se presente en las escuelas de la entidad.<\/p>\n<p>Por: Oscar Mendoza<\/p>\n","protected":false},"excerpt":{"rendered":"<p>Luego de la muerte de una estudiante en Teotihuac\u00e1n, Estado de M\u00e9xico a causa de una pelea por bullying, el gobernador del estado Alfredo Ram\u00edrez Bedolla indic\u00f3 que la Secretar\u00eda de Educaci\u00f3n de Michoac\u00e1n prepara un protocolo para prevenir y atender al acoso en las escuelas. Cuestionado al respecto, el mandatario reconoci\u00f3 que el homicidio [&hellip;]<\/p>\n","protected":false},"author":1,"featured_media":46541,"comment_status":"open","ping_status":"open","sticky":false,"template":"","format":"standard","meta":{"om_disable_all_campaigns":false,"_monsterinsights_skip_tracking":false,"_monsterinsights_sitenote_active":false,"_monsterinsights_sitenote_note":"","_monsterinsights_sitenote_category":0,"_uf_show_specific_survey":0,"_uf_disable_surveys":false,"_jetpack_memberships_contains_paid_content":false,"footnotes":"","jetpack_publicize_message":"","jetpack_publicize_feature_enabled":true,"jetpack_social_post_already_shared":false,"jetpack_social_options":{"image_generator_settings":{"template":"highway","default_image_id":0,"enabled":false},"version":2}},"categories":[22],"tags":[],"class_list":{"0":"post-46540","1":"post","2":"type-post","3":"status-publish","4":"format-standard","5":"has-post-thumbnail","7":"category-educacion"},"aioseo_notices":[],"jetpack_publicize_connections":[],"jetpack_featured_media_url":"https:\/\/mediagroup.mx\/wp-content\/uploads\/2023\/06\/2D402C8D-6A34-4262-9529-D03F99B7647B.jpeg","jetpack_sharing_enabled":true,"_links":{"self":[{"href":"https:\/\/mediagroup.mx\/index.php\/wp-json\/wp\/v2\/posts\/46540","targetHints":{"allow":["GET"]}}],"collection":[{"href":"https:\/\/mediagroup.mx\/index.php\/wp-json\/wp\/v2\/posts"}],"about":[{"href":"https:\/\/mediagroup.mx\/index.php\/wp-json\/wp\/v2\/types\/post"}],"author":[{"embeddable":true,"href":"https:\/\/mediagroup.mx\/index.php\/wp-json\/wp\/v2\/users\/1"}],"replies":[{"embeddable":true,"href":"https:\/\/mediagroup.mx\/index.php\/wp-json\/wp\/v2\/comments?post=46540"}],"version-history":[{"count":0,"href":"https:\/\/mediagroup.mx\/index.php\/wp-json\/wp\/v2\/posts\/46540\/revisions"}],"wp:featuredmedia":[{"embeddable":true,"href":"https:\/\/mediagroup.mx\/index.php\/wp-json\/wp\/v2\/media\/46541"}],"wp:attachment":[{"href":"https:\/\/mediagroup.mx\/index.php\/wp-json\/wp\/v2\/media?parent=46540"}],"wp:term":[{"taxonomy":"category","embeddable":true,"href":"https:\/\/mediagroup.mx\/index.php\/wp-json\/wp\/v2\/categories?post=46540"},{"taxonomy":"post_tag","embeddable":true,"href":"https:\/\/mediagroup.mx\/index.php\/wp-json\/wp\/v2\/tags?post=46540"}],"curies":[{"name":"wp","href":"https:\/\/api.w.org\/{rel}","templated":true}]}}