{"id":46548,"date":"2023-06-26T20:44:58","date_gmt":"2023-06-26T20:44:58","guid":{"rendered":"https:\/\/new.mediagroup.mx\/index.php\/2023\/06\/26\/realiza-diputada-ivonne-pantoja-foro-sobre-figura-de-acogimiento-familiar\/"},"modified":"2023-06-26T20:44:58","modified_gmt":"2023-06-26T20:44:58","slug":"realiza-diputada-ivonne-pantoja-foro-sobre-figura-de-acogimiento-familiar","status":"publish","type":"post","link":"https:\/\/mediagroup.mx\/index.php\/2023\/06\/26\/realiza-diputada-ivonne-pantoja-foro-sobre-figura-de-acogimiento-familiar\/","title":{"rendered":"Realiza diputada Ivonne Pantoja Foro sobre figura de Acogimiento Familiar"},"content":{"rendered":"<p>Queremos que nuestra ni\u00f1ez tenga la oportunidad de so\u00f1ar y cumplir sus metas, continuemos trabajando de la mano por la semilla de la humanidad, que son nuestros ni\u00f1os, se\u00f1al\u00f3 Ivonne Pantoja Abascal, presidenta de la Comisi\u00f3n de Derechos Humanos en el Congreso, durante el Foro Informativo de la Ley de Adopci\u00f3n y Acogimiento Familiar en el estado de Michoac\u00e1n.<\/p>\n<p>Ante presidentas de los Sistemas DIF estatal, municipales y representantes de instituciones, la legisladora detall\u00f3 la importancia de conocer a fondo las implicaciones que tendr\u00e1 la aplicaci\u00f3n de esta reforma aprobada el pasado 24 de febrero por el Congreso local, para su correcta implementaci\u00f3n.<\/p>\n<p>\u00abA trav\u00e9s de esta reforma podremos aportar a que las ni\u00f1as, ni\u00f1os y adolescentes que por su situaci\u00f3n jur\u00eddica no pueden ser adoptados, puedan vivir en una familia que les brinde los cuidados necesarios, donde se sientan amados, acompa\u00f1ados, escuchados, que sepan que son importantes y que sobretodo se les brinde la calidez que ninguna instituci\u00f3n puede darles\u00bb.<\/p>\n<p>La diputada por Zamora enfatiz\u00f3 que Michoac\u00e1n fue de los primeros estados del pa\u00eds en constituir esta figura jur\u00eddica de Acogimiento Familiar, bajo la responsabilidad de fomentar el desarrollo sano de la infancia.<\/p>\n<p>\u00abEstamos obligados a ver en la ni\u00f1ez como la etapa de desarrollo m\u00e1s sensible y que requiere m\u00e1s apoyo. Si queremos conformar una sociedad con adultos sanos tanto f\u00edsica, como emocionalmente, debemos hacernos una pregunta \u00bfQu\u00e9 estamos haciendo para que nuestros peque\u00f1os y j\u00f3venes se sientan parte de la sociedad? S\u00f3lo as\u00ed podremos seguir mejorando su calidad de vida\u00bb, apunt\u00f3.<\/p>\n<p>Pantoja Abascal reiter\u00f3 su compromiso de continuar trabajando en conjunto con instituciones para mejorar la calidad de vida de la ni\u00f1ez michoacana.<\/p>\n<p>\u00abLogramos conformar una ley que refleja la realidad que vive nuestra ni\u00f1ez y adolescencia vulnerable, por tanto se convierte en una Ley apegada a las necesidades actuales, que tienen la finalidad de mejorar la calidad de vida de nuestros peque\u00f1os y j\u00f3venes\u00bb.<\/p>\n<p>Agradeci\u00f3 a las y los legisladores, a la presidenta del DIF estatal, Grisel Tello Pimentel; presidentas de DIF municipales, representantes de Procuradur\u00eda de Protecci\u00f3n de Ni\u00f1as, Ni\u00f1os y Adolescentes, UNICEF, asesores, por sus aportaciones y testimonios para fortalecer la Ley de Adopci\u00f3n en la entidad.<\/p>\n<p>Por su parte, Grisel Tello Pimentel, presidenta del DIF estatal, afirm\u00f3 que brindar las herramientas para cuidar a la ni\u00f1ez que se encuentra bajo la tutela de dicha instituci\u00f3n es una responsabilidad que deben asumir todas y todos los michoacanos.<\/p>\n<p>\u00abEn el sistema tenemos alrededor de 400 ni\u00f1as, ni\u00f1os y adolescentes viviendo bajo tutela del DIF Michoac\u00e1n, se imaginan lo que tuvieron que llegar a vivir dentro de sus hogares, con sus cuidadores, para que ahora est\u00e9n bajo el cuidado de la instituci\u00f3n. Estos peque\u00f1os que han sido vulnerados, que han vivido a la omisi\u00f3n de cuidados, necesitan apoyo y arropo. Ellos est\u00e1n bajo el resguardo del DIF Michoac\u00e1n pero son de todas y todos nosotros, por eso debemos apropiarnos de esta ley y difundirla para hacerles m\u00e1s llevadera su estancia, que no sea la institucionalizaci\u00f3n la primera opci\u00f3n para ellos, sino la \u00faltima\u00bb, expres\u00f3.<\/p>\n<p>Eduardo Lugo Nolasco, oficial de Protecci\u00f3n de la Infancia UNICEF en Michoac\u00e1n, inform\u00f3 que la figura de Acogimiento Familiar s\u00f3lo se tiene en Chihuahua, Durango, Baja California, Chiapas y Sonora, por lo que celebr\u00f3 que Michoac\u00e1n implemente este proceso.<\/p>\n<p>\u00abEsta medida de cuidado temporal da la oportunidad a un ni\u00f1o a desarrollarse en un entorno familiar. Este proceso debe ser cuidado, para identificar familias, seleccionarlas, capacitarlas, evaluarlas y estamos a un peque\u00f1o paso para contar con las primeras familias certificadas para la figura de acogimiento familiar en Michoac\u00e1n\u00bb.<\/p>\n<p>A nombre del Congreso del Estado, la diputada Er\u00e9ndira Isauro, asever\u00f3 tambi\u00e9n que las y los legisladores tienen la responsabilidad de vigilar el cumplimiento y respeto de los derechos de los menores.<\/p>\n<p>\u00abEs nuestra obligaci\u00f3n como legisladores vigilar el respeto y protecci\u00f3n de los derechos de las ni\u00f1as, ni\u00f1os y adolescentes. Debemos fomentar la cultura del respeto a los derechos de los menores y educar a la sociedad sobre la importancia de la misma\u00bb.<\/p>\n<p>Asimismo, Oliver Casta\u00f1eda Correa, titular de la Procuradur\u00eda Federal de Protecci\u00f3n de Ni\u00f1as, Ni\u00f1os y Adolescentes, reconoci\u00f3 el trabajo realizado por la congresista al actualizar en Michoac\u00e1n las leyes para promover el cuidado de la ni\u00f1ez y adolescencia de manera temporal o definitiva.<\/p>\n<p>\u00abEs importante porque se deben conocer los procedimientos bajo los cuales se pone a un menor bajo los cuidados de una familia de manera definitiva o temporal. Debemos mantenernos actualizados en este tema de los cuidados alternativos, estamos haciendo un esfuerzo a nivel nacional para incorporar esta figura en todas las entidades federativas. Es un gusto que en Michoac\u00e1n hayan avanzado\u00bb.<\/p>\n<p>En su turno, Eur\u00eddice Paredes Jaramillo, presidenta de la Asociaci\u00f3n Nacional de Procuradores y Ex Procuradores de Protecci\u00f3n de Ni\u00f1as, Ni\u00f1os y Adolescentes, destac\u00f3 que Michoac\u00e1n es el primer estado a nivel nacional en trabajar en coordinaci\u00f3n con la instituci\u00f3n que representa, con la finalidad de fortalecer las pol\u00edticas p\u00fablicas enfocadas a la infancia y las procuradur\u00edas de protecci\u00f3n.<\/p>\n<p>\u00abEs un trabajo en la construcci\u00f3n de buenas pr\u00e1cticas. Es indispensable continuar legislando para fortalecer la pol\u00edtica p\u00fablica en materia de infancia, pero tambi\u00e9n es muy importante fortalecer las procuradur\u00edas de protecci\u00f3n a la infancia. La mayor\u00eda estamos familiarizados con las adopciones, en el caso de familias de acogida se aplican m\u00e9todos temporales de cuidado, no es acotar el camino o proceso para una adopci\u00f3n. Es un avance importante para el estado y vale la pena que se implemente en beneficio de las y los ni\u00f1os\u00bb, refiri\u00f3.<\/p>\n<p>Durante la presentaci\u00f3n de la reforma a la Ley de Adopci\u00f3n y Acogimiento Familiar, los asistentes firmaron la carta compromiso por la ni\u00f1ez y adolescencia entre instituciones federales y estatales.<\/p>\n","protected":false},"excerpt":{"rendered":"<p>Queremos que nuestra ni\u00f1ez tenga la oportunidad de so\u00f1ar y cumplir sus metas, continuemos trabajando de la mano por la semilla de la humanidad, que son nuestros ni\u00f1os, se\u00f1al\u00f3 Ivonne Pantoja Abascal, presidenta de la Comisi\u00f3n de Derechos Humanos en el Congreso, durante el Foro Informativo de la Ley de Adopci\u00f3n y Acogimiento Familiar en [&hellip;]<\/p>\n","protected":false},"author":1,"featured_media":46535,"comment_status":"open","ping_status":"open","sticky":false,"template":"","format":"standard","meta":{"om_disable_all_campaigns":false,"_monsterinsights_skip_tracking":false,"_monsterinsights_sitenote_active":false,"_monsterinsights_sitenote_note":"","_monsterinsights_sitenote_category":0,"_uf_show_specific_survey":0,"_uf_disable_surveys":false,"_jetpack_memberships_contains_paid_content":false,"footnotes":"","jetpack_publicize_message":"","jetpack_publicize_feature_enabled":true,"jetpack_social_post_already_shared":false,"jetpack_social_options":{"image_generator_settings":{"template":"highway","default_image_id":0,"enabled":false},"version":2}},"categories":[15],"tags":[],"class_list":{"0":"post-46548","1":"post","2":"type-post","3":"status-publish","4":"format-standard","5":"has-post-thumbnail","7":"category-michoacan"},"aioseo_notices":[],"jetpack_publicize_connections":[],"jetpack_featured_media_url":"https:\/\/mediagroup.mx\/wp-content\/uploads\/2023\/06\/AE46E2A5-FC68-4ED2-A3CD-6FCF4B1D8396.jpeg","jetpack_sharing_enabled":true,"_links":{"self":[{"href":"https:\/\/mediagroup.mx\/index.php\/wp-json\/wp\/v2\/posts\/46548","targetHints":{"allow":["GET"]}}],"collection":[{"href":"https:\/\/mediagroup.mx\/index.php\/wp-json\/wp\/v2\/posts"}],"about":[{"href":"https:\/\/mediagroup.mx\/index.php\/wp-json\/wp\/v2\/types\/post"}],"author":[{"embeddable":true,"href":"https:\/\/mediagroup.mx\/index.php\/wp-json\/wp\/v2\/users\/1"}],"replies":[{"embeddable":true,"href":"https:\/\/mediagroup.mx\/index.php\/wp-json\/wp\/v2\/comments?post=46548"}],"version-history":[{"count":0,"href":"https:\/\/mediagroup.mx\/index.php\/wp-json\/wp\/v2\/posts\/46548\/revisions"}],"wp:featuredmedia":[{"embeddable":true,"href":"https:\/\/mediagroup.mx\/index.php\/wp-json\/wp\/v2\/media\/46535"}],"wp:attachment":[{"href":"https:\/\/mediagroup.mx\/index.php\/wp-json\/wp\/v2\/media?parent=46548"}],"wp:term":[{"taxonomy":"category","embeddable":true,"href":"https:\/\/mediagroup.mx\/index.php\/wp-json\/wp\/v2\/categories?post=46548"},{"taxonomy":"post_tag","embeddable":true,"href":"https:\/\/mediagroup.mx\/index.php\/wp-json\/wp\/v2\/tags?post=46548"}],"curies":[{"name":"wp","href":"https:\/\/api.w.org\/{rel}","templated":true}]}}