{"id":46559,"date":"2023-06-26T20:44:58","date_gmt":"2023-06-26T20:44:58","guid":{"rendered":"https:\/\/new.mediagroup.mx\/index.php\/2023\/06\/26\/oficializa-oscar-escobar-su-paso-a-movimiento-ciudadano-tendra-que-legislar-en-favor-del-aborto\/"},"modified":"2023-06-26T20:44:58","modified_gmt":"2023-06-26T20:44:58","slug":"oficializa-oscar-escobar-su-paso-a-movimiento-ciudadano-tendra-que-legislar-en-favor-del-aborto","status":"publish","type":"post","link":"https:\/\/mediagroup.mx\/index.php\/2023\/06\/26\/oficializa-oscar-escobar-su-paso-a-movimiento-ciudadano-tendra-que-legislar-en-favor-del-aborto\/","title":{"rendered":"Oficializa Oscar Escobar su paso a Movimiento Ciudadano; tendr\u00e1 que legislar en favor del aborto"},"content":{"rendered":"<p>El diputado local Oscar Escobar Ledesma oficializ\u00f3 a trav\u00e9s de sus redes sociales su paso al partido Movimiento Ciudadano con una fotograf\u00eda junto con el dirigente nacional Dante Delgado, lo que confirm\u00f3 el dirigente estatal en Michoac\u00e1n, Antonio Carre\u00f1o Sosa.<\/p>\n<p>En rueda de prensa, Antonio Carre\u00f1o indic\u00f3 que la incorporaci\u00f3n de los legisladores Oscar Escobar y la de V\u00edctor Manr\u00edquez marca un precedente para Movimiento Ciudadano en el Congreso de Michoac\u00e1n al ser la primera vez que cuentan con la representaci\u00f3n de dos diputados en el poder legislativo que impulsar\u00e1n la agenda del partido naranja.<\/p>\n<p>Finalmente, al ser cuestionado sobre la legalizaci\u00f3n del aborto, tema que est\u00e1 en la agenda de Movimiento Ciudadano y sobre el cual Oscar Escobar se ha posicionado en contra, Antonio Carre\u00f1o declar\u00f3 que el diputado de anterior militancia panista tendr\u00e1 que legislar en favor de este tema acorde a los lineamientos del partido, pues a\u00f1adi\u00f3 que incluso ya existe una determinaci\u00f3n por parte de la Suprema Corte de Justicia de la Naci\u00f3n.<\/p>\n<p>Por: Miguel Santos<\/p>\n","protected":false},"excerpt":{"rendered":"<p>El diputado local Oscar Escobar Ledesma oficializ\u00f3 a trav\u00e9s de sus redes sociales su paso al partido Movimiento Ciudadano con una fotograf\u00eda junto con el dirigente nacional Dante Delgado, lo que confirm\u00f3 el dirigente estatal en Michoac\u00e1n, Antonio Carre\u00f1o Sosa. En rueda de prensa, Antonio Carre\u00f1o indic\u00f3 que la incorporaci\u00f3n de los legisladores Oscar Escobar [&hellip;]<\/p>\n","protected":false},"author":1,"featured_media":46560,"comment_status":"open","ping_status":"open","sticky":false,"template":"","format":"standard","meta":{"om_disable_all_campaigns":false,"_monsterinsights_skip_tracking":false,"_monsterinsights_sitenote_active":false,"_monsterinsights_sitenote_note":"","_monsterinsights_sitenote_category":0,"_uf_show_specific_survey":0,"_uf_disable_surveys":false,"_jetpack_memberships_contains_paid_content":false,"footnotes":"","jetpack_publicize_message":"","jetpack_publicize_feature_enabled":true,"jetpack_social_post_already_shared":false,"jetpack_social_options":{"image_generator_settings":{"template":"highway","default_image_id":0,"enabled":false},"version":2}},"categories":[15],"tags":[],"class_list":{"0":"post-46559","1":"post","2":"type-post","3":"status-publish","4":"format-standard","5":"has-post-thumbnail","7":"category-michoacan"},"aioseo_notices":[],"jetpack_publicize_connections":[],"jetpack_featured_media_url":"https:\/\/mediagroup.mx\/wp-content\/uploads\/2023\/06\/39D78554-F9D6-4F4A-91CC-F5BC7EB802C9.jpeg","jetpack_sharing_enabled":true,"_links":{"self":[{"href":"https:\/\/mediagroup.mx\/index.php\/wp-json\/wp\/v2\/posts\/46559","targetHints":{"allow":["GET"]}}],"collection":[{"href":"https:\/\/mediagroup.mx\/index.php\/wp-json\/wp\/v2\/posts"}],"about":[{"href":"https:\/\/mediagroup.mx\/index.php\/wp-json\/wp\/v2\/types\/post"}],"author":[{"embeddable":true,"href":"https:\/\/mediagroup.mx\/index.php\/wp-json\/wp\/v2\/users\/1"}],"replies":[{"embeddable":true,"href":"https:\/\/mediagroup.mx\/index.php\/wp-json\/wp\/v2\/comments?post=46559"}],"version-history":[{"count":0,"href":"https:\/\/mediagroup.mx\/index.php\/wp-json\/wp\/v2\/posts\/46559\/revisions"}],"wp:featuredmedia":[{"embeddable":true,"href":"https:\/\/mediagroup.mx\/index.php\/wp-json\/wp\/v2\/media\/46560"}],"wp:attachment":[{"href":"https:\/\/mediagroup.mx\/index.php\/wp-json\/wp\/v2\/media?parent=46559"}],"wp:term":[{"taxonomy":"category","embeddable":true,"href":"https:\/\/mediagroup.mx\/index.php\/wp-json\/wp\/v2\/categories?post=46559"},{"taxonomy":"post_tag","embeddable":true,"href":"https:\/\/mediagroup.mx\/index.php\/wp-json\/wp\/v2\/tags?post=46559"}],"curies":[{"name":"wp","href":"https:\/\/api.w.org\/{rel}","templated":true}]}}