{"id":46563,"date":"2023-06-26T20:44:58","date_gmt":"2023-06-26T20:44:58","guid":{"rendered":"https:\/\/new.mediagroup.mx\/index.php\/2023\/06\/26\/al-menos-un-par-de-diputados-locales-estarian-en-negociaciones-para-incorporarse-a-mc-adelanta-antonio-carreno\/"},"modified":"2023-06-26T20:44:58","modified_gmt":"2023-06-26T20:44:58","slug":"al-menos-un-par-de-diputados-locales-estarian-en-negociaciones-para-incorporarse-a-mc-adelanta-antonio-carreno","status":"publish","type":"post","link":"https:\/\/mediagroup.mx\/index.php\/2023\/06\/26\/al-menos-un-par-de-diputados-locales-estarian-en-negociaciones-para-incorporarse-a-mc-adelanta-antonio-carreno\/","title":{"rendered":"Al menos un par de diputados locales estar\u00edan en negociaciones para incorporarse a MC, adelanta Antonio Carre\u00f1o"},"content":{"rendered":"<p>&nbsp;<\/p>\n<p>Luego de la incorporaci\u00f3n de los diputados Oscar Escobar Ledesma y V\u00edctor Manr\u00edquez Gonz\u00e1lez al partido Movimiento Ciudadano, el dirigente estatal Antonio Carre\u00f1o Sosa adelant\u00f3 que se encuentran en pl\u00e1ticas con al menos \u201cun par\u201d de diputados del Congreso de Michoac\u00e1n para tambi\u00e9n incorporarlos al partido naranja, los cuales son parte de distintas fuerzas pol\u00edticas.<\/p>\n<p>Sin embargo, prefiri\u00f3 omitir a que partidos pol\u00edticos pertenecen, as\u00ed como sus nombres, pues a\u00fan no se han concretado estas negociaciones.<\/p>\n<p>Por: Miguel Santos<\/p>\n","protected":false},"excerpt":{"rendered":"<p>&nbsp; Luego de la incorporaci\u00f3n de los diputados Oscar Escobar Ledesma y V\u00edctor Manr\u00edquez Gonz\u00e1lez al partido Movimiento Ciudadano, el dirigente estatal Antonio Carre\u00f1o Sosa adelant\u00f3 que se encuentran en pl\u00e1ticas con al menos \u201cun par\u201d de diputados del Congreso de Michoac\u00e1n para tambi\u00e9n incorporarlos al partido naranja, los cuales son parte de distintas fuerzas [&hellip;]<\/p>\n","protected":false},"author":1,"featured_media":46564,"comment_status":"open","ping_status":"open","sticky":false,"template":"","format":"standard","meta":{"om_disable_all_campaigns":false,"_monsterinsights_skip_tracking":false,"_monsterinsights_sitenote_active":false,"_monsterinsights_sitenote_note":"","_monsterinsights_sitenote_category":0,"_uf_show_specific_survey":0,"_uf_disable_surveys":false,"_jetpack_memberships_contains_paid_content":false,"footnotes":"","jetpack_publicize_message":"","jetpack_publicize_feature_enabled":true,"jetpack_social_post_already_shared":false,"jetpack_social_options":{"image_generator_settings":{"template":"highway","default_image_id":0,"enabled":false},"version":2}},"categories":[15],"tags":[],"class_list":{"0":"post-46563","1":"post","2":"type-post","3":"status-publish","4":"format-standard","5":"has-post-thumbnail","7":"category-michoacan"},"aioseo_notices":[],"jetpack_publicize_connections":[],"jetpack_featured_media_url":"https:\/\/mediagroup.mx\/wp-content\/uploads\/2023\/06\/203C8186-EFFA-4630-AB00-97B648002529.jpeg","jetpack_sharing_enabled":true,"_links":{"self":[{"href":"https:\/\/mediagroup.mx\/index.php\/wp-json\/wp\/v2\/posts\/46563","targetHints":{"allow":["GET"]}}],"collection":[{"href":"https:\/\/mediagroup.mx\/index.php\/wp-json\/wp\/v2\/posts"}],"about":[{"href":"https:\/\/mediagroup.mx\/index.php\/wp-json\/wp\/v2\/types\/post"}],"author":[{"embeddable":true,"href":"https:\/\/mediagroup.mx\/index.php\/wp-json\/wp\/v2\/users\/1"}],"replies":[{"embeddable":true,"href":"https:\/\/mediagroup.mx\/index.php\/wp-json\/wp\/v2\/comments?post=46563"}],"version-history":[{"count":0,"href":"https:\/\/mediagroup.mx\/index.php\/wp-json\/wp\/v2\/posts\/46563\/revisions"}],"wp:featuredmedia":[{"embeddable":true,"href":"https:\/\/mediagroup.mx\/index.php\/wp-json\/wp\/v2\/media\/46564"}],"wp:attachment":[{"href":"https:\/\/mediagroup.mx\/index.php\/wp-json\/wp\/v2\/media?parent=46563"}],"wp:term":[{"taxonomy":"category","embeddable":true,"href":"https:\/\/mediagroup.mx\/index.php\/wp-json\/wp\/v2\/categories?post=46563"},{"taxonomy":"post_tag","embeddable":true,"href":"https:\/\/mediagroup.mx\/index.php\/wp-json\/wp\/v2\/tags?post=46563"}],"curies":[{"name":"wp","href":"https:\/\/api.w.org\/{rel}","templated":true}]}}