{"id":46569,"date":"2023-06-26T20:44:58","date_gmt":"2023-06-26T20:44:58","guid":{"rendered":"https:\/\/new.mediagroup.mx\/index.php\/2023\/06\/26\/en-proxima-sesion-de-cabildo-se-discutira-que-la-policia-auxiliar-del-estado-de-seguridad-a-bares-de-morelia\/"},"modified":"2023-06-26T20:44:58","modified_gmt":"2023-06-26T20:44:58","slug":"en-proxima-sesion-de-cabildo-se-discutira-que-la-policia-auxiliar-del-estado-de-seguridad-a-bares-de-morelia","status":"publish","type":"post","link":"https:\/\/mediagroup.mx\/index.php\/2023\/06\/26\/en-proxima-sesion-de-cabildo-se-discutira-que-la-policia-auxiliar-del-estado-de-seguridad-a-bares-de-morelia\/","title":{"rendered":"En pr\u00f3xima sesi\u00f3n de cabildo, se discutir\u00e1 que la Polic\u00eda Auxiliar del Estado d\u00e9 seguridad a bares de Morelia"},"content":{"rendered":"<p>El regidor morenista de Morelia Jos\u00e9 Manuel Parra Zambrano inform\u00f3 en entrevista con los medios de comunicaci\u00f3n que, en la pr\u00f3xima sesi\u00f3n de Cabildo, el 27 de marzo, presentar\u00e1 la propuesta de punto de acuerdo para la modificaci\u00f3n del reglamento municipal para que sea la Polic\u00eda Auxiliar del Estado la que preste el servicio de seguridad privada a los giros rojos de la ciudad, proyecto que se realiza de la mano con el Gobierno de Michoac\u00e1n.<\/p>\n<p>Con relaci\u00f3n al llamado hecho por el alcalde Alfonso Mart\u00ednez Alc\u00e1zar para la depuraci\u00f3n de la Polic\u00eda Auxiliar, Parra Zambrano asegur\u00f3 que la intenci\u00f3n es generar un consenso entre el Ayuntamiento y la representaci\u00f3n de las fuerzas partidistas.<\/p>\n<p>Por otro lado, dijo que m\u00e1s que quitar autoridad al gobierno municipal es ayudar e impulsar, pues el gobernador Alfredo Ram\u00edrez Bedolla tiene una visi\u00f3n municipalista.<\/p>\n<p>Por: Jes\u00fas Gonz\u00e1lez<\/p>\n","protected":false},"excerpt":{"rendered":"<p>El regidor morenista de Morelia Jos\u00e9 Manuel Parra Zambrano inform\u00f3 en entrevista con los medios de comunicaci\u00f3n que, en la pr\u00f3xima sesi\u00f3n de Cabildo, el 27 de marzo, presentar\u00e1 la propuesta de punto de acuerdo para la modificaci\u00f3n del reglamento municipal para que sea la Polic\u00eda Auxiliar del Estado la que preste el servicio de [&hellip;]<\/p>\n","protected":false},"author":1,"featured_media":46570,"comment_status":"open","ping_status":"open","sticky":false,"template":"","format":"standard","meta":{"om_disable_all_campaigns":false,"_monsterinsights_skip_tracking":false,"_monsterinsights_sitenote_active":false,"_monsterinsights_sitenote_note":"","_monsterinsights_sitenote_category":0,"_uf_show_specific_survey":0,"_uf_disable_surveys":false,"_jetpack_memberships_contains_paid_content":false,"footnotes":"","jetpack_publicize_message":"","jetpack_publicize_feature_enabled":true,"jetpack_social_post_already_shared":false,"jetpack_social_options":{"image_generator_settings":{"template":"highway","default_image_id":0,"enabled":false},"version":2}},"categories":[17],"tags":[],"class_list":{"0":"post-46569","1":"post","2":"type-post","3":"status-publish","4":"format-standard","5":"has-post-thumbnail","7":"category-morelia"},"aioseo_notices":[],"jetpack_publicize_connections":[],"jetpack_featured_media_url":"https:\/\/mediagroup.mx\/wp-content\/uploads\/2023\/06\/FA588D6C-9506-46C2-9BA8-AC186272E1F0.jpeg","jetpack_sharing_enabled":true,"_links":{"self":[{"href":"https:\/\/mediagroup.mx\/index.php\/wp-json\/wp\/v2\/posts\/46569","targetHints":{"allow":["GET"]}}],"collection":[{"href":"https:\/\/mediagroup.mx\/index.php\/wp-json\/wp\/v2\/posts"}],"about":[{"href":"https:\/\/mediagroup.mx\/index.php\/wp-json\/wp\/v2\/types\/post"}],"author":[{"embeddable":true,"href":"https:\/\/mediagroup.mx\/index.php\/wp-json\/wp\/v2\/users\/1"}],"replies":[{"embeddable":true,"href":"https:\/\/mediagroup.mx\/index.php\/wp-json\/wp\/v2\/comments?post=46569"}],"version-history":[{"count":0,"href":"https:\/\/mediagroup.mx\/index.php\/wp-json\/wp\/v2\/posts\/46569\/revisions"}],"wp:featuredmedia":[{"embeddable":true,"href":"https:\/\/mediagroup.mx\/index.php\/wp-json\/wp\/v2\/media\/46570"}],"wp:attachment":[{"href":"https:\/\/mediagroup.mx\/index.php\/wp-json\/wp\/v2\/media?parent=46569"}],"wp:term":[{"taxonomy":"category","embeddable":true,"href":"https:\/\/mediagroup.mx\/index.php\/wp-json\/wp\/v2\/categories?post=46569"},{"taxonomy":"post_tag","embeddable":true,"href":"https:\/\/mediagroup.mx\/index.php\/wp-json\/wp\/v2\/tags?post=46569"}],"curies":[{"name":"wp","href":"https:\/\/api.w.org\/{rel}","templated":true}]}}