{"id":46571,"date":"2023-06-26T20:44:58","date_gmt":"2023-06-26T20:44:58","guid":{"rendered":"https:\/\/new.mediagroup.mx\/index.php\/2023\/06\/26\/congreso-de-michoacan-convoca-a-tercer-foro-de-atencion-a-personas-con-discapacidad-en-alvaro-obregon\/"},"modified":"2023-06-26T20:44:58","modified_gmt":"2023-06-26T20:44:58","slug":"congreso-de-michoacan-convoca-a-tercer-foro-de-atencion-a-personas-con-discapacidad-en-alvaro-obregon","status":"publish","type":"post","link":"https:\/\/mediagroup.mx\/index.php\/2023\/06\/26\/congreso-de-michoacan-convoca-a-tercer-foro-de-atencion-a-personas-con-discapacidad-en-alvaro-obregon\/","title":{"rendered":"Congreso de Michoac\u00e1n convoca a tercer foro de Atenci\u00f3n a Personas con Discapacidad en \u00c1lvaro Obreg\u00f3n"},"content":{"rendered":"<p>Con el objetivo de legislar incluyendo a las personas con discapacidad, el Congreso del estado realizar\u00e1 el tercer Foro de Atenci\u00f3n a Personas con Discapacidad, en donde se escuchar\u00e1 la voz y opini\u00f3n de este sector poblacional.<\/p>\n<p>&nbsp;<\/p>\n<p>Para ello, el diputado V\u00edctor Hugo Zurita Ort\u00edz, presidente de la Comisi\u00f3n Especial de Atenci\u00f3n a personas con discapacidad inform\u00f3 que ya se han llevado a cabo dos foros previamente, siendo el primero de ellos en el municipio de Zamora y el segundo en la capital michoacana, Morelia.<\/p>\n<p>&nbsp;<\/p>\n<p>Para este tercer foro, el legislador convoc\u00f3 a las personas que tengan alguna discapacidad a participar en \u00e9l, registr\u00e1ndose en el enlace en pantalla (https:\/\/forms.gle\/2oiyg9Z3btysg3hS9) y presentar as\u00ed las ideas y propuestas para mejorar y fortalecer el sistema legal en el estado.<\/p>\n<p>&nbsp;<\/p>\n<p>Este foro tendr\u00e1 lugar el pr\u00f3ximo 31 de marzo del presente a\u00f1o y se tendr\u00e1 lugar en la Casa de la Cultura de la ciudad de \u00c1lvaro Obreg\u00f3n, en punto de las 8:30 de la ma\u00f1ana.<\/p>\n<p>Por: Miguel Santos<\/p>\n","protected":false},"excerpt":{"rendered":"<p>Con el objetivo de legislar incluyendo a las personas con discapacidad, el Congreso del estado realizar\u00e1 el tercer Foro de Atenci\u00f3n a Personas con Discapacidad, en donde se escuchar\u00e1 la voz y opini\u00f3n de este sector poblacional. &nbsp; Para ello, el diputado V\u00edctor Hugo Zurita Ort\u00edz, presidente de la Comisi\u00f3n Especial de Atenci\u00f3n a personas [&hellip;]<\/p>\n","protected":false},"author":1,"featured_media":46572,"comment_status":"open","ping_status":"open","sticky":false,"template":"","format":"standard","meta":{"om_disable_all_campaigns":false,"_monsterinsights_skip_tracking":false,"_monsterinsights_sitenote_active":false,"_monsterinsights_sitenote_note":"","_monsterinsights_sitenote_category":0,"_uf_show_specific_survey":0,"_uf_disable_surveys":false,"_jetpack_memberships_contains_paid_content":false,"footnotes":"","jetpack_publicize_message":"","jetpack_publicize_feature_enabled":true,"jetpack_social_post_already_shared":false,"jetpack_social_options":{"image_generator_settings":{"template":"highway","default_image_id":0,"enabled":false},"version":2}},"categories":[15],"tags":[],"class_list":{"0":"post-46571","1":"post","2":"type-post","3":"status-publish","4":"format-standard","5":"has-post-thumbnail","7":"category-michoacan"},"aioseo_notices":[],"jetpack_publicize_connections":[],"jetpack_featured_media_url":"https:\/\/mediagroup.mx\/wp-content\/uploads\/2023\/06\/5A3F091E-60FF-4FD8-A27D-80B3C6483B1B.jpeg","jetpack_sharing_enabled":true,"_links":{"self":[{"href":"https:\/\/mediagroup.mx\/index.php\/wp-json\/wp\/v2\/posts\/46571","targetHints":{"allow":["GET"]}}],"collection":[{"href":"https:\/\/mediagroup.mx\/index.php\/wp-json\/wp\/v2\/posts"}],"about":[{"href":"https:\/\/mediagroup.mx\/index.php\/wp-json\/wp\/v2\/types\/post"}],"author":[{"embeddable":true,"href":"https:\/\/mediagroup.mx\/index.php\/wp-json\/wp\/v2\/users\/1"}],"replies":[{"embeddable":true,"href":"https:\/\/mediagroup.mx\/index.php\/wp-json\/wp\/v2\/comments?post=46571"}],"version-history":[{"count":0,"href":"https:\/\/mediagroup.mx\/index.php\/wp-json\/wp\/v2\/posts\/46571\/revisions"}],"wp:featuredmedia":[{"embeddable":true,"href":"https:\/\/mediagroup.mx\/index.php\/wp-json\/wp\/v2\/media\/46572"}],"wp:attachment":[{"href":"https:\/\/mediagroup.mx\/index.php\/wp-json\/wp\/v2\/media?parent=46571"}],"wp:term":[{"taxonomy":"category","embeddable":true,"href":"https:\/\/mediagroup.mx\/index.php\/wp-json\/wp\/v2\/categories?post=46571"},{"taxonomy":"post_tag","embeddable":true,"href":"https:\/\/mediagroup.mx\/index.php\/wp-json\/wp\/v2\/tags?post=46571"}],"curies":[{"name":"wp","href":"https:\/\/api.w.org\/{rel}","templated":true}]}}