{"id":46585,"date":"2023-06-26T20:45:17","date_gmt":"2023-06-26T20:45:17","guid":{"rendered":"https:\/\/new.mediagroup.mx\/index.php\/2023\/06\/26\/clausuro-coepris-12-albercas-por-concentracion-de-bacterias\/"},"modified":"2023-06-26T20:45:17","modified_gmt":"2023-06-26T20:45:17","slug":"clausuro-coepris-12-albercas-por-concentracion-de-bacterias","status":"publish","type":"post","link":"https:\/\/mediagroup.mx\/index.php\/2023\/06\/26\/clausuro-coepris-12-albercas-por-concentracion-de-bacterias\/","title":{"rendered":"Clausur\u00f3 Coepris 12 albercas por concentraci\u00f3n de bacterias"},"content":{"rendered":"<p>Debido a la alta concentraci\u00f3n de bacterias, la Comisi\u00f3n Estatal para Prevenir Riesgos Sanitarios (Coepris), ha clausurado un total de 12 albercas de balnearios que se ubican en Huandacareo, Ararao, Uruapan y La Piedad, inform\u00f3 su titular, Hebert Flores Leal.<\/p>\n<p>De acuerdo con el funcionario, tras las inspecciones de la Coepris en m\u00e1s de 50 albercas, 12 de las mismas fueron clausuradas por la detecci\u00f3n de bacterias y a causa de la mala higiene de algunos de sus usuarios.<\/p>\n<p>De igual modo, explic\u00f3 que durante las inspecciones, la Comisi\u00f3n ha insistido a las y los propietarios de balnearios, no permitir que los usuarios entren a las albercas sin las medidas higi\u00e9nicas recomendadas como lo son un ba\u00f1o previo o utilizar las instalaciones como es debido.<\/p>\n<p>Por \u00faltimo, Flores Leal conf\u00edo en que las playas michoacanas resulten con muestreos positivos como sucedi\u00f3 en el 2022, esto, de cara al pr\u00f3ximo periodo vacacional de Semana Santa y donde la costa y los balnearios del estado registran una gran afluencia.<\/p>\n<p>Por: Oscar Mendoza<\/p>\n","protected":false},"excerpt":{"rendered":"<p>Debido a la alta concentraci\u00f3n de bacterias, la Comisi\u00f3n Estatal para Prevenir Riesgos Sanitarios (Coepris), ha clausurado un total de 12 albercas de balnearios que se ubican en Huandacareo, Ararao, Uruapan y La Piedad, inform\u00f3 su titular, Hebert Flores Leal. De acuerdo con el funcionario, tras las inspecciones de la Coepris en m\u00e1s de 50 [&hellip;]<\/p>\n","protected":false},"author":1,"featured_media":46586,"comment_status":"open","ping_status":"open","sticky":false,"template":"","format":"standard","meta":{"om_disable_all_campaigns":false,"_monsterinsights_skip_tracking":false,"_monsterinsights_sitenote_active":false,"_monsterinsights_sitenote_note":"","_monsterinsights_sitenote_category":0,"_uf_show_specific_survey":0,"_uf_disable_surveys":false,"_jetpack_memberships_contains_paid_content":false,"footnotes":"","jetpack_publicize_message":"","jetpack_publicize_feature_enabled":true,"jetpack_social_post_already_shared":false,"jetpack_social_options":{"image_generator_settings":{"template":"highway","default_image_id":0,"enabled":false},"version":2}},"categories":[20],"tags":[],"class_list":{"0":"post-46585","1":"post","2":"type-post","3":"status-publish","4":"format-standard","5":"has-post-thumbnail","7":"category-salud"},"aioseo_notices":[],"jetpack_publicize_connections":[],"jetpack_featured_media_url":"https:\/\/mediagroup.mx\/wp-content\/uploads\/2023\/06\/FD05A854-7C1F-43E4-B3AC-FFD069CD0867.jpeg","jetpack_sharing_enabled":true,"_links":{"self":[{"href":"https:\/\/mediagroup.mx\/index.php\/wp-json\/wp\/v2\/posts\/46585","targetHints":{"allow":["GET"]}}],"collection":[{"href":"https:\/\/mediagroup.mx\/index.php\/wp-json\/wp\/v2\/posts"}],"about":[{"href":"https:\/\/mediagroup.mx\/index.php\/wp-json\/wp\/v2\/types\/post"}],"author":[{"embeddable":true,"href":"https:\/\/mediagroup.mx\/index.php\/wp-json\/wp\/v2\/users\/1"}],"replies":[{"embeddable":true,"href":"https:\/\/mediagroup.mx\/index.php\/wp-json\/wp\/v2\/comments?post=46585"}],"version-history":[{"count":0,"href":"https:\/\/mediagroup.mx\/index.php\/wp-json\/wp\/v2\/posts\/46585\/revisions"}],"wp:featuredmedia":[{"embeddable":true,"href":"https:\/\/mediagroup.mx\/index.php\/wp-json\/wp\/v2\/media\/46586"}],"wp:attachment":[{"href":"https:\/\/mediagroup.mx\/index.php\/wp-json\/wp\/v2\/media?parent=46585"}],"wp:term":[{"taxonomy":"category","embeddable":true,"href":"https:\/\/mediagroup.mx\/index.php\/wp-json\/wp\/v2\/categories?post=46585"},{"taxonomy":"post_tag","embeddable":true,"href":"https:\/\/mediagroup.mx\/index.php\/wp-json\/wp\/v2\/tags?post=46585"}],"curies":[{"name":"wp","href":"https:\/\/api.w.org\/{rel}","templated":true}]}}