{"id":46587,"date":"2023-06-26T20:45:17","date_gmt":"2023-06-26T20:45:17","guid":{"rendered":"https:\/\/new.mediagroup.mx\/index.php\/2023\/06\/26\/suma-morena-mas-ex-perredistas-y-ex-priistas-a-sus-filas\/"},"modified":"2023-06-26T20:45:17","modified_gmt":"2023-06-26T20:45:17","slug":"suma-morena-mas-ex-perredistas-y-ex-priistas-a-sus-filas","status":"publish","type":"post","link":"https:\/\/mediagroup.mx\/index.php\/2023\/06\/26\/suma-morena-mas-ex-perredistas-y-ex-priistas-a-sus-filas\/","title":{"rendered":"Suma Morena m\u00e1s ex perredistas y ex priistas a sus filas"},"content":{"rendered":"<p>Una s\u00edndica municipal y dos regidores emanados del Partido de la Revoluci\u00f3n Democr\u00e1tica (PRD), as\u00ed como dos regidores m\u00e1s del Revolucionario Institucional (PRI) de Charapan, Tzintzuntzan y Huandacareo, abandonaron sus institutos pol\u00edticos de origen y se pusieron el chaleco de Morena.<\/p>\n<p>De acuerdo con la secretaria general del Movimiento de Regeneraci\u00f3n Nacional (Morena) en el estado, Jeanette M\u00e1rquez C\u00e1piz, se trata de la s\u00edndica de Huandacareo, Estela \u00c1brego Ruiz y los regidores de Charapan, Agust\u00edn Murgu\u00eda Covarrubias as\u00ed como el ex presidente del Comit\u00e9 Directivo municipal del Sol Azteca, adem\u00e1s de Luis Reyes Santos, un conocido liderazgo de la comunidad ind\u00edgena de Cocucho.<br \/>\nEn tanto del PRI \u201cbrincaron a Morena\u201d el regidor Salvador Santos El\u00edas de Cocucho, municipio de Charapan, y el regidor de Tzintzuntzan, Abraham No\u00e9 Aparicio N\u00fa\u00f1ez y quienes rindieron protesta como nuevos integrantes de la 4T en Michoac\u00e1n.<\/p>\n<p>Por: Oscar Mendoza<\/p>\n","protected":false},"excerpt":{"rendered":"<p>Una s\u00edndica municipal y dos regidores emanados del Partido de la Revoluci\u00f3n Democr\u00e1tica (PRD), as\u00ed como dos regidores m\u00e1s del Revolucionario Institucional (PRI) de Charapan, Tzintzuntzan y Huandacareo, abandonaron sus institutos pol\u00edticos de origen y se pusieron el chaleco de Morena. De acuerdo con la secretaria general del Movimiento de Regeneraci\u00f3n Nacional (Morena) en el [&hellip;]<\/p>\n","protected":false},"author":1,"featured_media":46588,"comment_status":"open","ping_status":"open","sticky":false,"template":"","format":"standard","meta":{"om_disable_all_campaigns":false,"_monsterinsights_skip_tracking":false,"_monsterinsights_sitenote_active":false,"_monsterinsights_sitenote_note":"","_monsterinsights_sitenote_category":0,"_uf_show_specific_survey":0,"_uf_disable_surveys":false,"_jetpack_memberships_contains_paid_content":false,"footnotes":"","jetpack_publicize_message":"","jetpack_publicize_feature_enabled":true,"jetpack_social_post_already_shared":false,"jetpack_social_options":{"image_generator_settings":{"template":"highway","default_image_id":0,"enabled":false},"version":2}},"categories":[15],"tags":[],"class_list":{"0":"post-46587","1":"post","2":"type-post","3":"status-publish","4":"format-standard","5":"has-post-thumbnail","7":"category-michoacan"},"aioseo_notices":[],"jetpack_publicize_connections":[],"jetpack_featured_media_url":"https:\/\/mediagroup.mx\/wp-content\/uploads\/2023\/06\/D6A52D39-271E-4E76-95AA-E1BA7BA9C869.jpeg","jetpack_sharing_enabled":true,"_links":{"self":[{"href":"https:\/\/mediagroup.mx\/index.php\/wp-json\/wp\/v2\/posts\/46587","targetHints":{"allow":["GET"]}}],"collection":[{"href":"https:\/\/mediagroup.mx\/index.php\/wp-json\/wp\/v2\/posts"}],"about":[{"href":"https:\/\/mediagroup.mx\/index.php\/wp-json\/wp\/v2\/types\/post"}],"author":[{"embeddable":true,"href":"https:\/\/mediagroup.mx\/index.php\/wp-json\/wp\/v2\/users\/1"}],"replies":[{"embeddable":true,"href":"https:\/\/mediagroup.mx\/index.php\/wp-json\/wp\/v2\/comments?post=46587"}],"version-history":[{"count":0,"href":"https:\/\/mediagroup.mx\/index.php\/wp-json\/wp\/v2\/posts\/46587\/revisions"}],"wp:featuredmedia":[{"embeddable":true,"href":"https:\/\/mediagroup.mx\/index.php\/wp-json\/wp\/v2\/media\/46588"}],"wp:attachment":[{"href":"https:\/\/mediagroup.mx\/index.php\/wp-json\/wp\/v2\/media?parent=46587"}],"wp:term":[{"taxonomy":"category","embeddable":true,"href":"https:\/\/mediagroup.mx\/index.php\/wp-json\/wp\/v2\/categories?post=46587"},{"taxonomy":"post_tag","embeddable":true,"href":"https:\/\/mediagroup.mx\/index.php\/wp-json\/wp\/v2\/tags?post=46587"}],"curies":[{"name":"wp","href":"https:\/\/api.w.org\/{rel}","templated":true}]}}