{"id":46591,"date":"2023-06-26T20:45:17","date_gmt":"2023-06-26T20:45:17","guid":{"rendered":"https:\/\/new.mediagroup.mx\/index.php\/2023\/06\/26\/del-31-de-marzo-al-10-de-abril-se-realizara-la-3a-feria-artesanal-cruz-de-barro-de-capula\/"},"modified":"2023-06-26T20:45:17","modified_gmt":"2023-06-26T20:45:17","slug":"del-31-de-marzo-al-10-de-abril-se-realizara-la-3a-feria-artesanal-cruz-de-barro-de-capula","status":"publish","type":"post","link":"https:\/\/mediagroup.mx\/index.php\/2023\/06\/26\/del-31-de-marzo-al-10-de-abril-se-realizara-la-3a-feria-artesanal-cruz-de-barro-de-capula\/","title":{"rendered":"Del 31 de marzo al 10 de abril, se realizar\u00e1 la 3\u00aa Feria Artesanal \u201cCruz de Barro\u201d de Capula"},"content":{"rendered":"<p style=\"text-align: justify;\">Con la participaci\u00f3n de 40 artesanos y 10 cocineras tradicionales, se realizar\u00e1 la 3\u00aa Feria Artesanal Cruz de Barro de Capula del 31 de marzo al 10 de abril, donde se podr\u00e1n ver m\u00e1s de 300 dise\u00f1os de estas piezas de alfarer\u00eda producidas por los 600 talleres de la tenencia moreliana, inform\u00f3 en rueda de prensa la encargada de las pol\u00edticas de fomento econ\u00f3mico del municipio, Guadalupe Herrera Calder\u00f3n, que resalt\u00f3 la innovaci\u00f3n de esta edici\u00f3n para el pago con tarjetas bancarias.<\/p>\n<p>Asimismo, dat\u00f3 que esperan superar la derrama econ\u00f3mica del a\u00f1o pasado, que fue de 380 mil pesos.<\/p>\n<p style=\"text-align: justify;\">Carlos Ayala Reyes, presidente del patronato de artesanos de la Tenencia de Capula, dijo que este oficio lleg\u00f3 a la comunidad en 1550, evolucionando a trav\u00e9s del tiempo y llegando a tener tres marcas colectivas \u2014loza tradicional, cruz de barro y la catrina.<\/p>\n<p>&nbsp;<\/p>\n<p>Por: Jes\u00fas Gonz\u00e1lez<\/p>\n","protected":false},"excerpt":{"rendered":"<p>Con la participaci\u00f3n de 40 artesanos y 10 cocineras tradicionales, se realizar\u00e1 la 3\u00aa Feria Artesanal Cruz de Barro de Capula del 31 de marzo al 10 de abril, donde se podr\u00e1n ver m\u00e1s de 300 dise\u00f1os de estas piezas de alfarer\u00eda producidas por los 600 talleres de la tenencia moreliana, inform\u00f3 en rueda de [&hellip;]<\/p>\n","protected":false},"author":1,"featured_media":46592,"comment_status":"open","ping_status":"open","sticky":false,"template":"","format":"standard","meta":{"om_disable_all_campaigns":false,"_monsterinsights_skip_tracking":false,"_monsterinsights_sitenote_active":false,"_monsterinsights_sitenote_note":"","_monsterinsights_sitenote_category":0,"_uf_show_specific_survey":0,"_uf_disable_surveys":false,"_jetpack_memberships_contains_paid_content":false,"footnotes":"","jetpack_publicize_message":"","jetpack_publicize_feature_enabled":true,"jetpack_social_post_already_shared":false,"jetpack_social_options":{"image_generator_settings":{"template":"highway","default_image_id":0,"enabled":false},"version":2}},"categories":[25,17],"tags":[],"class_list":{"0":"post-46591","1":"post","2":"type-post","3":"status-publish","4":"format-standard","5":"has-post-thumbnail","7":"category-cultura","8":"category-morelia"},"aioseo_notices":[],"jetpack_publicize_connections":[],"jetpack_featured_media_url":"https:\/\/mediagroup.mx\/wp-content\/uploads\/2023\/06\/WhatsApp-Image-2023-03-24-at-11.52.09-AM.jpeg","jetpack_sharing_enabled":true,"_links":{"self":[{"href":"https:\/\/mediagroup.mx\/index.php\/wp-json\/wp\/v2\/posts\/46591","targetHints":{"allow":["GET"]}}],"collection":[{"href":"https:\/\/mediagroup.mx\/index.php\/wp-json\/wp\/v2\/posts"}],"about":[{"href":"https:\/\/mediagroup.mx\/index.php\/wp-json\/wp\/v2\/types\/post"}],"author":[{"embeddable":true,"href":"https:\/\/mediagroup.mx\/index.php\/wp-json\/wp\/v2\/users\/1"}],"replies":[{"embeddable":true,"href":"https:\/\/mediagroup.mx\/index.php\/wp-json\/wp\/v2\/comments?post=46591"}],"version-history":[{"count":0,"href":"https:\/\/mediagroup.mx\/index.php\/wp-json\/wp\/v2\/posts\/46591\/revisions"}],"wp:featuredmedia":[{"embeddable":true,"href":"https:\/\/mediagroup.mx\/index.php\/wp-json\/wp\/v2\/media\/46592"}],"wp:attachment":[{"href":"https:\/\/mediagroup.mx\/index.php\/wp-json\/wp\/v2\/media?parent=46591"}],"wp:term":[{"taxonomy":"category","embeddable":true,"href":"https:\/\/mediagroup.mx\/index.php\/wp-json\/wp\/v2\/categories?post=46591"},{"taxonomy":"post_tag","embeddable":true,"href":"https:\/\/mediagroup.mx\/index.php\/wp-json\/wp\/v2\/tags?post=46591"}],"curies":[{"name":"wp","href":"https:\/\/api.w.org\/{rel}","templated":true}]}}