{"id":46595,"date":"2023-06-26T20:45:17","date_gmt":"2023-06-26T20:45:17","guid":{"rendered":"https:\/\/new.mediagroup.mx\/index.php\/2023\/06\/26\/este-lunes-congreso-tendra-que-determinar-reeleccion-o-no-del-magistrado-sergio-mecino-morales\/"},"modified":"2023-06-26T20:45:17","modified_gmt":"2023-06-26T20:45:17","slug":"este-lunes-congreso-tendra-que-determinar-reeleccion-o-no-del-magistrado-sergio-mecino-morales","status":"publish","type":"post","link":"https:\/\/mediagroup.mx\/index.php\/2023\/06\/26\/este-lunes-congreso-tendra-que-determinar-reeleccion-o-no-del-magistrado-sergio-mecino-morales\/","title":{"rendered":"Este lunes Congreso tendr\u00e1 que determinar reelecci\u00f3n o no del magistrado Sergio Mecino Morales"},"content":{"rendered":"<p style=\"text-align: justify;\">El diputado coordinador del Grupo Parlamentario del Partido del Trabajo, Reyes Galindo Pedraza, se\u00f1al\u00f3 que las Comisiones de Justicia y Gobernaci\u00f3n tendr\u00e1n que tomar una determinaci\u00f3n antes del pr\u00f3ximo lunes 27 de marzo sobre la reelecci\u00f3n o no del magistrado de la Quinta Sala Especializada en Materia de Anticurrupci\u00f3n y Responsabilidades Administrativas del Tribunal de Justicia Administrativa, Sergio Mecino Morales.<\/p>\n<p style=\"text-align: justify;\">Asimismo, el legislador se\u00f1al\u00f3 que la decisi\u00f3n de retirar este punto de la orden del d\u00eda fue una determinaci\u00f3n de la presidenta de la Comisi\u00f3n de Justicia, Anabet Franco Carrizales, y que en ello la Junta de Coordinaci\u00f3n Pol\u00edtica no se vio<\/p>\n<p>Por: Miguel Santos<\/p>\n","protected":false},"excerpt":{"rendered":"<p>El diputado coordinador del Grupo Parlamentario del Partido del Trabajo, Reyes Galindo Pedraza, se\u00f1al\u00f3 que las Comisiones de Justicia y Gobernaci\u00f3n tendr\u00e1n que tomar una determinaci\u00f3n antes del pr\u00f3ximo lunes 27 de marzo sobre la reelecci\u00f3n o no del magistrado de la Quinta Sala Especializada en Materia de Anticurrupci\u00f3n y Responsabilidades Administrativas del Tribunal de [&hellip;]<\/p>\n","protected":false},"author":1,"featured_media":46596,"comment_status":"open","ping_status":"open","sticky":false,"template":"","format":"standard","meta":{"om_disable_all_campaigns":false,"_monsterinsights_skip_tracking":false,"_monsterinsights_sitenote_active":false,"_monsterinsights_sitenote_note":"","_monsterinsights_sitenote_category":0,"_uf_show_specific_survey":0,"_uf_disable_surveys":false,"_jetpack_memberships_contains_paid_content":false,"footnotes":"","jetpack_publicize_message":"","jetpack_publicize_feature_enabled":true,"jetpack_social_post_already_shared":false,"jetpack_social_options":{"image_generator_settings":{"template":"highway","default_image_id":0,"enabled":false},"version":2}},"categories":[15],"tags":[],"class_list":{"0":"post-46595","1":"post","2":"type-post","3":"status-publish","4":"format-standard","5":"has-post-thumbnail","7":"category-michoacan"},"aioseo_notices":[],"jetpack_publicize_connections":[],"jetpack_featured_media_url":"https:\/\/mediagroup.mx\/wp-content\/uploads\/2023\/06\/WhatsApp-Image-2023-03-24-at-12.30.48-PM.jpeg","jetpack_sharing_enabled":true,"_links":{"self":[{"href":"https:\/\/mediagroup.mx\/index.php\/wp-json\/wp\/v2\/posts\/46595","targetHints":{"allow":["GET"]}}],"collection":[{"href":"https:\/\/mediagroup.mx\/index.php\/wp-json\/wp\/v2\/posts"}],"about":[{"href":"https:\/\/mediagroup.mx\/index.php\/wp-json\/wp\/v2\/types\/post"}],"author":[{"embeddable":true,"href":"https:\/\/mediagroup.mx\/index.php\/wp-json\/wp\/v2\/users\/1"}],"replies":[{"embeddable":true,"href":"https:\/\/mediagroup.mx\/index.php\/wp-json\/wp\/v2\/comments?post=46595"}],"version-history":[{"count":0,"href":"https:\/\/mediagroup.mx\/index.php\/wp-json\/wp\/v2\/posts\/46595\/revisions"}],"wp:featuredmedia":[{"embeddable":true,"href":"https:\/\/mediagroup.mx\/index.php\/wp-json\/wp\/v2\/media\/46596"}],"wp:attachment":[{"href":"https:\/\/mediagroup.mx\/index.php\/wp-json\/wp\/v2\/media?parent=46595"}],"wp:term":[{"taxonomy":"category","embeddable":true,"href":"https:\/\/mediagroup.mx\/index.php\/wp-json\/wp\/v2\/categories?post=46595"},{"taxonomy":"post_tag","embeddable":true,"href":"https:\/\/mediagroup.mx\/index.php\/wp-json\/wp\/v2\/tags?post=46595"}],"curies":[{"name":"wp","href":"https:\/\/api.w.org\/{rel}","templated":true}]}}