{"id":46603,"date":"2023-06-26T20:45:17","date_gmt":"2023-06-26T20:45:17","guid":{"rendered":"https:\/\/new.mediagroup.mx\/index.php\/2023\/06\/26\/sin-consultar-a-companeras-anabet-franco-retiro-dictamen-de-reeleccion-de-magistrado-senala-daniela-de-los-santos\/"},"modified":"2023-06-26T20:45:17","modified_gmt":"2023-06-26T20:45:17","slug":"sin-consultar-a-companeras-anabet-franco-retiro-dictamen-de-reeleccion-de-magistrado-senala-daniela-de-los-santos","status":"publish","type":"post","link":"https:\/\/mediagroup.mx\/index.php\/2023\/06\/26\/sin-consultar-a-companeras-anabet-franco-retiro-dictamen-de-reeleccion-de-magistrado-senala-daniela-de-los-santos\/","title":{"rendered":"Sin consultar a compa\u00f1eras, Anabet Franco retir\u00f3 dictamen de reelecci\u00f3n de magistrado, se\u00f1ala Daniela de los Santos"},"content":{"rendered":"<p style=\"text-align: justify;\">De acuerdo a la diputada Daniela de los Santos Torres, su hom\u00f3loga y presidenta de Comisi\u00f3n de Justicia Anabet Franco Carrizales tom\u00f3 la decisi\u00f3n sin consultar a las dem\u00e1s integrantes de la comisi\u00f3n de retirar el punto de la orden del d\u00eda en donde se negaba la reelecci\u00f3n del magistrado de la Quinta Sala Especializada en Materia de Anticurrupci\u00f3n y Responsabilidades Administrativas del Tribunal de Justicia Administrativa, Sergio Mecino Morales.<\/p>\n<p style=\"text-align: justify;\">Sin embargo, Daniela de los Santos indic\u00f3 que esto fue una decisi\u00f3n acertada debido a que no se hab\u00eda llegado a un acuerdo entre los diputados, por lo que se esperar\u00e1 a que se tom\u00e9 una resoluci\u00f3n antes del lunes 27 de marzo.<\/p>\n<p>Por: Miguel Santos<\/p>\n","protected":false},"excerpt":{"rendered":"<p>De acuerdo a la diputada Daniela de los Santos Torres, su hom\u00f3loga y presidenta de Comisi\u00f3n de Justicia Anabet Franco Carrizales tom\u00f3 la decisi\u00f3n sin consultar a las dem\u00e1s integrantes de la comisi\u00f3n de retirar el punto de la orden del d\u00eda en donde se negaba la reelecci\u00f3n del magistrado de la Quinta Sala Especializada [&hellip;]<\/p>\n","protected":false},"author":1,"featured_media":46604,"comment_status":"open","ping_status":"open","sticky":false,"template":"","format":"standard","meta":{"om_disable_all_campaigns":false,"_monsterinsights_skip_tracking":false,"_monsterinsights_sitenote_active":false,"_monsterinsights_sitenote_note":"","_monsterinsights_sitenote_category":0,"_uf_show_specific_survey":0,"_uf_disable_surveys":false,"_jetpack_memberships_contains_paid_content":false,"footnotes":"","jetpack_publicize_message":"","jetpack_publicize_feature_enabled":true,"jetpack_social_post_already_shared":false,"jetpack_social_options":{"image_generator_settings":{"template":"highway","default_image_id":0,"enabled":false},"version":2}},"categories":[15],"tags":[],"class_list":{"0":"post-46603","1":"post","2":"type-post","3":"status-publish","4":"format-standard","5":"has-post-thumbnail","7":"category-michoacan"},"aioseo_notices":[],"jetpack_publicize_connections":[],"jetpack_featured_media_url":"https:\/\/mediagroup.mx\/wp-content\/uploads\/2023\/06\/WhatsApp-Image-2023-03-24-at-12.38.43-PM.jpeg","jetpack_sharing_enabled":true,"_links":{"self":[{"href":"https:\/\/mediagroup.mx\/index.php\/wp-json\/wp\/v2\/posts\/46603","targetHints":{"allow":["GET"]}}],"collection":[{"href":"https:\/\/mediagroup.mx\/index.php\/wp-json\/wp\/v2\/posts"}],"about":[{"href":"https:\/\/mediagroup.mx\/index.php\/wp-json\/wp\/v2\/types\/post"}],"author":[{"embeddable":true,"href":"https:\/\/mediagroup.mx\/index.php\/wp-json\/wp\/v2\/users\/1"}],"replies":[{"embeddable":true,"href":"https:\/\/mediagroup.mx\/index.php\/wp-json\/wp\/v2\/comments?post=46603"}],"version-history":[{"count":0,"href":"https:\/\/mediagroup.mx\/index.php\/wp-json\/wp\/v2\/posts\/46603\/revisions"}],"wp:featuredmedia":[{"embeddable":true,"href":"https:\/\/mediagroup.mx\/index.php\/wp-json\/wp\/v2\/media\/46604"}],"wp:attachment":[{"href":"https:\/\/mediagroup.mx\/index.php\/wp-json\/wp\/v2\/media?parent=46603"}],"wp:term":[{"taxonomy":"category","embeddable":true,"href":"https:\/\/mediagroup.mx\/index.php\/wp-json\/wp\/v2\/categories?post=46603"},{"taxonomy":"post_tag","embeddable":true,"href":"https:\/\/mediagroup.mx\/index.php\/wp-json\/wp\/v2\/tags?post=46603"}],"curies":[{"name":"wp","href":"https:\/\/api.w.org\/{rel}","templated":true}]}}