{"id":46605,"date":"2023-06-26T20:45:17","date_gmt":"2023-06-26T20:45:17","guid":{"rendered":"https:\/\/new.mediagroup.mx\/index.php\/2023\/06\/26\/silvano-aureoles-seria-inhabilitado-segun-la-contraloria-de-michoacan-el-no-niega\/"},"modified":"2023-06-26T20:45:17","modified_gmt":"2023-06-26T20:45:17","slug":"silvano-aureoles-seria-inhabilitado-segun-la-contraloria-de-michoacan-el-no-niega","status":"publish","type":"post","link":"https:\/\/mediagroup.mx\/index.php\/2023\/06\/26\/silvano-aureoles-seria-inhabilitado-segun-la-contraloria-de-michoacan-el-no-niega\/","title":{"rendered":"Silvano Aureoles ser\u00eda inhabilitado seg\u00fan la Contralor\u00eda de Michoac\u00e1n; \u00e9l no niega"},"content":{"rendered":"<p style=\"text-align: justify;\">Medios nacionales y estatales, dieron a conocer que el ex gobernador de Michoac\u00e1n Silvano Aureoles Conejo, habr\u00eda sido inhabilitado hasta por 11 meses para aspirar o desempe\u00f1ar alg\u00fan cargo p\u00fablico por parte de la Secretar\u00eda de la Contralor\u00eda del Estado (Secoem).<\/p>\n<p style=\"text-align: justify;\">A trav\u00e9s de un documento que fue filtrado a los medios de comunicaci\u00f3n, se se\u00f1ala sobre sanciones administrativas contra el ex mandatario estatal por no presentar en tiempo y forma su declaraci\u00f3n patrimonial del 2021 y lo que impedir\u00eda al perredista aspirar a un cargo de elecci\u00f3n popular hasta por 8 meses.<\/p>\n<p style=\"text-align: justify;\">Asimismo, seg\u00fan la Secoem, el gobernador de Michoac\u00e1n de 2015-2021, omiti\u00f3 presentar su declaraci\u00f3n de conclusi\u00f3n al cargo como titular del poder ejecutivo estatal al 30 de septiembre de 2021 y con lo cual suman 11 meses de presunta inhabilitaci\u00f3n.<\/p>\n<p style=\"text-align: justify;\">Por su parte Silvano Aureoles respondi\u00f3 a trav\u00e9s de su cuenta en Twitter, rechazando la informaci\u00f3n y pidi\u00f3 al gobernador Alfredo Ram\u00edrez Bedolla, \u201cponerse a trabajar\u201d.<\/p>\n<p style=\"text-align: justify;\">De igual modo, asegur\u00f3 que se trata de otra campa\u00f1a de desprestigio en su contra debido al crecimiento de su proyecto con el que busca aspirar a la candidatura por la presidencia de la Rep\u00fablica en 2024.<\/p>\n<p style=\"text-align: justify;\">Sin embargo, hasta el mediod\u00eda de este viernes, ni la Secoem, su titular Azucena Mar\u00edn o el propio gobernador Alfredo Ram\u00edrez Bedolla se han pronunciado sobre la presunta inhabilitaci\u00f3n.<\/p>\n<p>Por: Oscar Mendoza<\/p>\n","protected":false},"excerpt":{"rendered":"<p>Medios nacionales y estatales, dieron a conocer que el ex gobernador de Michoac\u00e1n Silvano Aureoles Conejo, habr\u00eda sido inhabilitado hasta por 11 meses para aspirar o desempe\u00f1ar alg\u00fan cargo p\u00fablico por parte de la Secretar\u00eda de la Contralor\u00eda del Estado (Secoem). A trav\u00e9s de un documento que fue filtrado a los medios de comunicaci\u00f3n, se [&hellip;]<\/p>\n","protected":false},"author":1,"featured_media":46606,"comment_status":"open","ping_status":"open","sticky":false,"template":"","format":"standard","meta":{"om_disable_all_campaigns":false,"_monsterinsights_skip_tracking":false,"_monsterinsights_sitenote_active":false,"_monsterinsights_sitenote_note":"","_monsterinsights_sitenote_category":0,"_uf_show_specific_survey":0,"_uf_disable_surveys":false,"_jetpack_memberships_contains_paid_content":false,"footnotes":"","jetpack_publicize_message":"","jetpack_publicize_feature_enabled":true,"jetpack_social_post_already_shared":false,"jetpack_social_options":{"image_generator_settings":{"template":"highway","default_image_id":0,"enabled":false},"version":2}},"categories":[15],"tags":[],"class_list":{"0":"post-46605","1":"post","2":"type-post","3":"status-publish","4":"format-standard","5":"has-post-thumbnail","7":"category-michoacan"},"aioseo_notices":[],"jetpack_publicize_connections":[],"jetpack_featured_media_url":"https:\/\/mediagroup.mx\/wp-content\/uploads\/2023\/06\/WhatsApp-Image-2023-03-24-at-12.58.43-PM.jpeg","jetpack_sharing_enabled":true,"_links":{"self":[{"href":"https:\/\/mediagroup.mx\/index.php\/wp-json\/wp\/v2\/posts\/46605","targetHints":{"allow":["GET"]}}],"collection":[{"href":"https:\/\/mediagroup.mx\/index.php\/wp-json\/wp\/v2\/posts"}],"about":[{"href":"https:\/\/mediagroup.mx\/index.php\/wp-json\/wp\/v2\/types\/post"}],"author":[{"embeddable":true,"href":"https:\/\/mediagroup.mx\/index.php\/wp-json\/wp\/v2\/users\/1"}],"replies":[{"embeddable":true,"href":"https:\/\/mediagroup.mx\/index.php\/wp-json\/wp\/v2\/comments?post=46605"}],"version-history":[{"count":0,"href":"https:\/\/mediagroup.mx\/index.php\/wp-json\/wp\/v2\/posts\/46605\/revisions"}],"wp:featuredmedia":[{"embeddable":true,"href":"https:\/\/mediagroup.mx\/index.php\/wp-json\/wp\/v2\/media\/46606"}],"wp:attachment":[{"href":"https:\/\/mediagroup.mx\/index.php\/wp-json\/wp\/v2\/media?parent=46605"}],"wp:term":[{"taxonomy":"category","embeddable":true,"href":"https:\/\/mediagroup.mx\/index.php\/wp-json\/wp\/v2\/categories?post=46605"},{"taxonomy":"post_tag","embeddable":true,"href":"https:\/\/mediagroup.mx\/index.php\/wp-json\/wp\/v2\/tags?post=46605"}],"curies":[{"name":"wp","href":"https:\/\/api.w.org\/{rel}","templated":true}]}}