{"id":46607,"date":"2023-06-26T20:45:17","date_gmt":"2023-06-26T20:45:17","guid":{"rendered":"https:\/\/new.mediagroup.mx\/index.php\/2023\/06\/26\/sin-apoyo-del-ayuntamiento-de-zinapecuaro-la-tenencia-de-jerahuaro-realizara-su-representacion-de-la-pasion-de-cristo-esta-semana-santa\/"},"modified":"2023-06-26T20:45:17","modified_gmt":"2023-06-26T20:45:17","slug":"sin-apoyo-del-ayuntamiento-de-zinapecuaro-la-tenencia-de-jerahuaro-realizara-su-representacion-de-la-pasion-de-cristo-esta-semana-santa","status":"publish","type":"post","link":"https:\/\/mediagroup.mx\/index.php\/2023\/06\/26\/sin-apoyo-del-ayuntamiento-de-zinapecuaro-la-tenencia-de-jerahuaro-realizara-su-representacion-de-la-pasion-de-cristo-esta-semana-santa\/","title":{"rendered":"Sin apoyo del ayuntamiento de Zinap\u00e9cuaro, la tenencia de Jer\u00e1huaro realizar\u00e1 su representaci\u00f3n de la pasi\u00f3n de Cristo esta Semana Santa"},"content":{"rendered":"<p style=\"text-align: justify;\">Con un total de 80 actores en escena, la tenencia de Valle de Ju\u00e1rez, Jer\u00e1huaro, realizar\u00e1 este \u201cDomingo de Resurrecci\u00f3n\u201d, la representaci\u00f3n de la Pasi\u00f3n y Muerte de Cristo, anunci\u00f3 Francisco Javier S\u00e1nchez Garc\u00eda, Representante de Comunicaci\u00f3n del Grupo de Tearo \u201cExpresi\u00f3n\u201d el cual ser\u00e1 el encargado de esta representaci\u00f3n.<\/p>\n<p style=\"text-align: justify;\">De acuerdo a S\u00e1nchez Garc\u00eda, esta representaci\u00f3n data desde el a\u00f1o 1916, luego del asentamiento de un grupo de misioneros religiosos, lo que posteriormente fue retomado por los jefes de tenencia.<\/p>\n<p style=\"text-align: justify;\">Asimismo, se\u00f1al\u00f3 que para la realizaci\u00f3n de esta representaci\u00f3n se solventan los gastos a trav\u00e9s de donativos o la realizaci\u00f3n de rifas, pues indic\u00f3 que este a\u00f1o se busc\u00f3 el apoyo del municipio de Zinap\u00e9cuaro, sin recibir una respuesta favorable, lo que reiter\u00f3 Rafael S\u00e1nchez Jasso, secretario del Grupo teatral.<\/p>\n<p style=\"text-align: justify;\">Finalmente, Rafael S\u00e1nchez Jasso realiz\u00f3 una descripci\u00f3n de las actividades que realizar\u00e1n esta semana santa.<\/p>\n<p>Por: Miguel Santos<\/p>\n","protected":false},"excerpt":{"rendered":"<p>Con un total de 80 actores en escena, la tenencia de Valle de Ju\u00e1rez, Jer\u00e1huaro, realizar\u00e1 este \u201cDomingo de Resurrecci\u00f3n\u201d, la representaci\u00f3n de la Pasi\u00f3n y Muerte de Cristo, anunci\u00f3 Francisco Javier S\u00e1nchez Garc\u00eda, Representante de Comunicaci\u00f3n del Grupo de Tearo \u201cExpresi\u00f3n\u201d el cual ser\u00e1 el encargado de esta representaci\u00f3n. De acuerdo a S\u00e1nchez Garc\u00eda, [&hellip;]<\/p>\n","protected":false},"author":1,"featured_media":46608,"comment_status":"open","ping_status":"open","sticky":false,"template":"","format":"standard","meta":{"om_disable_all_campaigns":false,"_monsterinsights_skip_tracking":false,"_monsterinsights_sitenote_active":false,"_monsterinsights_sitenote_note":"","_monsterinsights_sitenote_category":0,"_uf_show_specific_survey":0,"_uf_disable_surveys":false,"_jetpack_memberships_contains_paid_content":false,"footnotes":"","jetpack_publicize_message":"","jetpack_publicize_feature_enabled":true,"jetpack_social_post_already_shared":false,"jetpack_social_options":{"image_generator_settings":{"template":"highway","default_image_id":0,"enabled":false},"version":2}},"categories":[15],"tags":[],"class_list":{"0":"post-46607","1":"post","2":"type-post","3":"status-publish","4":"format-standard","5":"has-post-thumbnail","7":"category-michoacan"},"aioseo_notices":[],"jetpack_publicize_connections":[],"jetpack_featured_media_url":"https:\/\/mediagroup.mx\/wp-content\/uploads\/2023\/06\/WhatsApp-Image-2023-03-24-at-1.12.05-PM.jpeg","jetpack_sharing_enabled":true,"_links":{"self":[{"href":"https:\/\/mediagroup.mx\/index.php\/wp-json\/wp\/v2\/posts\/46607","targetHints":{"allow":["GET"]}}],"collection":[{"href":"https:\/\/mediagroup.mx\/index.php\/wp-json\/wp\/v2\/posts"}],"about":[{"href":"https:\/\/mediagroup.mx\/index.php\/wp-json\/wp\/v2\/types\/post"}],"author":[{"embeddable":true,"href":"https:\/\/mediagroup.mx\/index.php\/wp-json\/wp\/v2\/users\/1"}],"replies":[{"embeddable":true,"href":"https:\/\/mediagroup.mx\/index.php\/wp-json\/wp\/v2\/comments?post=46607"}],"version-history":[{"count":0,"href":"https:\/\/mediagroup.mx\/index.php\/wp-json\/wp\/v2\/posts\/46607\/revisions"}],"wp:featuredmedia":[{"embeddable":true,"href":"https:\/\/mediagroup.mx\/index.php\/wp-json\/wp\/v2\/media\/46608"}],"wp:attachment":[{"href":"https:\/\/mediagroup.mx\/index.php\/wp-json\/wp\/v2\/media?parent=46607"}],"wp:term":[{"taxonomy":"category","embeddable":true,"href":"https:\/\/mediagroup.mx\/index.php\/wp-json\/wp\/v2\/categories?post=46607"},{"taxonomy":"post_tag","embeddable":true,"href":"https:\/\/mediagroup.mx\/index.php\/wp-json\/wp\/v2\/tags?post=46607"}],"curies":[{"name":"wp","href":"https:\/\/api.w.org\/{rel}","templated":true}]}}