{"id":46615,"date":"2023-06-26T20:45:17","date_gmt":"2023-06-26T20:45:17","guid":{"rendered":"https:\/\/new.mediagroup.mx\/index.php\/2023\/06\/26\/acoso-en-el-tec-de-tacambaro-se-debe-denunciar-mariana-sosa\/"},"modified":"2023-06-26T20:45:17","modified_gmt":"2023-06-26T20:45:17","slug":"acoso-en-el-tec-de-tacambaro-se-debe-denunciar-mariana-sosa","status":"publish","type":"post","link":"https:\/\/mediagroup.mx\/index.php\/2023\/06\/26\/acoso-en-el-tec-de-tacambaro-se-debe-denunciar-mariana-sosa\/","title":{"rendered":"Acoso en el Tec de Tac\u00e1mbaro se debe denunciar: Mariana Sosa"},"content":{"rendered":"<p style=\"text-align: justify;\">Luego de una ex profesora del Tecnol\u00f3gico de Tac\u00e1mbaro denunciara ser v\u00edctima de acoso en su contra, la directora general del Instituto de Educaci\u00f3n Media Superior y Superior de Michoac\u00e1n (IEMSYSEM), Mariana Sosa Olmeda, indic\u00f3 que se le ha dado seguimiento al tema e incluso se han reunido con la docente afectada y con el directo.<\/p>\n<p style=\"text-align: justify;\">Sin embargo, la funcionaria consider\u00f3 que si bien con la dependencia le han dado seguimiento y se han involucrado otras \u00e1reas de gobierno, es necesario que la v\u00edctima presente la denuncia formal ante la Fiscal\u00eda General del Estado para poder concluir el proceso.<\/p>\n<p style=\"text-align: justify;\">\u201cEn estos procesos, todas las partes debemos hacer lo que nos corresponde, en el caso de una persona que manifiesta esta situaci\u00f3n, es importante levantar las denuncias, trabajar en ello, porque si no los procesos no pueden concluirse\u201d, sostuvo.<\/p>\n<p style=\"text-align: justify;\">De igual modo, Sosa Olmeda se\u00f1al\u00f3 incluso se cuenta con la documentaci\u00f3n que ampara las acciones del Instituto en estos casos, as\u00ed como que hay informaci\u00f3n ante la Secretar\u00eda de Contralor\u00eda, porque son muchas instancias que se involucran, debido a que la maestra afectada denunci\u00f3 tambi\u00e9n hostigamiento laboral adem\u00e1s del acoso sexual.<\/p>\n<p>Por: Oscar Mendoza<\/p>\n","protected":false},"excerpt":{"rendered":"<p>Luego de una ex profesora del Tecnol\u00f3gico de Tac\u00e1mbaro denunciara ser v\u00edctima de acoso en su contra, la directora general del Instituto de Educaci\u00f3n Media Superior y Superior de Michoac\u00e1n (IEMSYSEM), Mariana Sosa Olmeda, indic\u00f3 que se le ha dado seguimiento al tema e incluso se han reunido con la docente afectada y con el [&hellip;]<\/p>\n","protected":false},"author":1,"featured_media":46616,"comment_status":"open","ping_status":"open","sticky":false,"template":"","format":"standard","meta":{"om_disable_all_campaigns":false,"_monsterinsights_skip_tracking":false,"_monsterinsights_sitenote_active":false,"_monsterinsights_sitenote_note":"","_monsterinsights_sitenote_category":0,"_uf_show_specific_survey":0,"_uf_disable_surveys":false,"_jetpack_memberships_contains_paid_content":false,"footnotes":"","jetpack_publicize_message":"","jetpack_publicize_feature_enabled":true,"jetpack_social_post_already_shared":false,"jetpack_social_options":{"image_generator_settings":{"template":"highway","default_image_id":0,"enabled":false},"version":2}},"categories":[22],"tags":[],"class_list":{"0":"post-46615","1":"post","2":"type-post","3":"status-publish","4":"format-standard","5":"has-post-thumbnail","7":"category-educacion"},"aioseo_notices":[],"jetpack_publicize_connections":[],"jetpack_featured_media_url":"https:\/\/mediagroup.mx\/wp-content\/uploads\/2023\/06\/WhatsApp-Image-2023-03-24-at-3.12.30-PM.jpeg","jetpack_sharing_enabled":true,"_links":{"self":[{"href":"https:\/\/mediagroup.mx\/index.php\/wp-json\/wp\/v2\/posts\/46615","targetHints":{"allow":["GET"]}}],"collection":[{"href":"https:\/\/mediagroup.mx\/index.php\/wp-json\/wp\/v2\/posts"}],"about":[{"href":"https:\/\/mediagroup.mx\/index.php\/wp-json\/wp\/v2\/types\/post"}],"author":[{"embeddable":true,"href":"https:\/\/mediagroup.mx\/index.php\/wp-json\/wp\/v2\/users\/1"}],"replies":[{"embeddable":true,"href":"https:\/\/mediagroup.mx\/index.php\/wp-json\/wp\/v2\/comments?post=46615"}],"version-history":[{"count":0,"href":"https:\/\/mediagroup.mx\/index.php\/wp-json\/wp\/v2\/posts\/46615\/revisions"}],"wp:featuredmedia":[{"embeddable":true,"href":"https:\/\/mediagroup.mx\/index.php\/wp-json\/wp\/v2\/media\/46616"}],"wp:attachment":[{"href":"https:\/\/mediagroup.mx\/index.php\/wp-json\/wp\/v2\/media?parent=46615"}],"wp:term":[{"taxonomy":"category","embeddable":true,"href":"https:\/\/mediagroup.mx\/index.php\/wp-json\/wp\/v2\/categories?post=46615"},{"taxonomy":"post_tag","embeddable":true,"href":"https:\/\/mediagroup.mx\/index.php\/wp-json\/wp\/v2\/tags?post=46615"}],"curies":[{"name":"wp","href":"https:\/\/api.w.org\/{rel}","templated":true}]}}