{"id":46617,"date":"2023-06-26T20:45:17","date_gmt":"2023-06-26T20:45:17","guid":{"rendered":"https:\/\/new.mediagroup.mx\/index.php\/2023\/06\/26\/de-seis-balazos-matan-a-un-peaton-en-la-colonia-valle-verde\/"},"modified":"2023-06-26T20:45:17","modified_gmt":"2023-06-26T20:45:17","slug":"de-seis-balazos-matan-a-un-peaton-en-la-colonia-valle-verde","status":"publish","type":"post","link":"https:\/\/mediagroup.mx\/index.php\/2023\/06\/26\/de-seis-balazos-matan-a-un-peaton-en-la-colonia-valle-verde\/","title":{"rendered":"De seis balazos matan a un peat\u00f3n en la colonia Valle Verde"},"content":{"rendered":"<p>Un peat\u00f3n fue interceptado y ultimado a tiros por delincuentes armados en la v\u00eda p\u00fablica de la colonia Valle Verde, al Oriente de la ciudad de Uruapan. Siendo ignorado hasta el momento el probable m\u00f3vil del crimen.<\/p>\n<p>Fue la ma\u00f1ana de este lunes, cuando el susodicho caminaba sobre la calle La Vid, cuando fue abordado por sus victimarios, quienes lo acribillaron a balazos, a unos metros del Camino Viejo a Tejer\u00edas.<\/p>\n<p>Al enterarse de la situaci\u00f3n al \u00e1rea acudieron param\u00e9dicos locales, los cuales revisaron al ofendido, mismo que termin\u00f3 inerte a media calle, confirmando que hab\u00eda perecido de al menos 6 impactos de proyectil de armas de fuego que presentaba, principalmente en la cabeza y el pecho.<\/p>\n<p>De los agresores se ignoran mayores caracter\u00edsticas, huyeron previo al arribo del personal de Seguridad P\u00fablica. Los uniformados acordonaron la escena del crimen para evitar la contaminaci\u00f3n de evidencias.<\/p>\n<p>Los expertos de la unidad de la unidad de Servicios Periciales y Escena del Crimen realizaron las correspondientes averiguaciones. Siendo iniciada la respectiva carpeta de investigaci\u00f3n.<\/p>\n","protected":false},"excerpt":{"rendered":"<p>Un peat\u00f3n fue interceptado y ultimado a tiros por delincuentes armados en la v\u00eda p\u00fablica de la colonia Valle Verde, al Oriente de la ciudad de Uruapan. Siendo ignorado hasta el momento el probable m\u00f3vil del crimen. Fue la ma\u00f1ana de este lunes, cuando el susodicho caminaba sobre la calle La Vid, cuando fue abordado [&hellip;]<\/p>\n","protected":false},"author":1,"featured_media":46618,"comment_status":"open","ping_status":"open","sticky":false,"template":"","format":"standard","meta":{"om_disable_all_campaigns":false,"_monsterinsights_skip_tracking":false,"_monsterinsights_sitenote_active":false,"_monsterinsights_sitenote_note":"","_monsterinsights_sitenote_category":0,"_uf_show_specific_survey":0,"_uf_disable_surveys":false,"_jetpack_memberships_contains_paid_content":false,"footnotes":"","jetpack_publicize_message":"","jetpack_publicize_feature_enabled":true,"jetpack_social_post_already_shared":false,"jetpack_social_options":{"image_generator_settings":{"template":"highway","default_image_id":0,"enabled":false},"version":2}},"categories":[24],"tags":[],"class_list":{"0":"post-46617","1":"post","2":"type-post","3":"status-publish","4":"format-standard","5":"has-post-thumbnail","7":"category-seguridad"},"aioseo_notices":[],"jetpack_publicize_connections":[],"jetpack_featured_media_url":"https:\/\/mediagroup.mx\/wp-content\/uploads\/2023\/06\/41D3AE97-4D5E-4607-AA01-72F5D24C23A5.jpeg","jetpack_sharing_enabled":true,"_links":{"self":[{"href":"https:\/\/mediagroup.mx\/index.php\/wp-json\/wp\/v2\/posts\/46617","targetHints":{"allow":["GET"]}}],"collection":[{"href":"https:\/\/mediagroup.mx\/index.php\/wp-json\/wp\/v2\/posts"}],"about":[{"href":"https:\/\/mediagroup.mx\/index.php\/wp-json\/wp\/v2\/types\/post"}],"author":[{"embeddable":true,"href":"https:\/\/mediagroup.mx\/index.php\/wp-json\/wp\/v2\/users\/1"}],"replies":[{"embeddable":true,"href":"https:\/\/mediagroup.mx\/index.php\/wp-json\/wp\/v2\/comments?post=46617"}],"version-history":[{"count":0,"href":"https:\/\/mediagroup.mx\/index.php\/wp-json\/wp\/v2\/posts\/46617\/revisions"}],"wp:featuredmedia":[{"embeddable":true,"href":"https:\/\/mediagroup.mx\/index.php\/wp-json\/wp\/v2\/media\/46618"}],"wp:attachment":[{"href":"https:\/\/mediagroup.mx\/index.php\/wp-json\/wp\/v2\/media?parent=46617"}],"wp:term":[{"taxonomy":"category","embeddable":true,"href":"https:\/\/mediagroup.mx\/index.php\/wp-json\/wp\/v2\/categories?post=46617"},{"taxonomy":"post_tag","embeddable":true,"href":"https:\/\/mediagroup.mx\/index.php\/wp-json\/wp\/v2\/tags?post=46617"}],"curies":[{"name":"wp","href":"https:\/\/api.w.org\/{rel}","templated":true}]}}