{"id":46619,"date":"2023-06-26T20:45:17","date_gmt":"2023-06-26T20:45:17","guid":{"rendered":"https:\/\/new.mediagroup.mx\/index.php\/2023\/06\/26\/ahora-yo-soy-la-voz-de-mi-hija-madre-de-ana-basaldua-parte-a-estados-unidos-para-repatriar-sus-restos\/"},"modified":"2023-06-26T20:45:17","modified_gmt":"2023-06-26T20:45:17","slug":"ahora-yo-soy-la-voz-de-mi-hija-madre-de-ana-basaldua-parte-a-estados-unidos-para-repatriar-sus-restos","status":"publish","type":"post","link":"https:\/\/mediagroup.mx\/index.php\/2023\/06\/26\/ahora-yo-soy-la-voz-de-mi-hija-madre-de-ana-basaldua-parte-a-estados-unidos-para-repatriar-sus-restos\/","title":{"rendered":"\u201cAhora, yo soy la voz de mi hija: madre de Ana Basaldua parte a Estados Unidos para repatriar sus restos"},"content":{"rendered":"<p>Alejandra Ruiz Zarco lleg\u00f3 a Los \u00c1ngeles por medio de una visa humanitaria este lunes para repatriar los restos de su hija, la soldado Ana Fernanda Basaldua, v\u00edctima de un presunto feminicidio en una base militar en Texas; desde Tac\u00e1mbaro, Michoac\u00e1n, previo a salir del pa\u00eds, se reuni\u00f3 junto con un grupo de amigos y familiares para darle un adi\u00f3s en el altar que se mont\u00f3 en el pueblo de donde era originaria la militar.<\/p>\n<p>En entrevista, Ruiz Zarco record\u00f3 que el 8 de marzo de 2020 realizaron la primera marcha conmemorativa del D\u00eda Internacional de la Mujer en Tac\u00e1mbaro, donde particip\u00f3 Ana Fernanda, junto con sus amigas de la preparatoria, y port\u00f3 una cartulina que dec\u00eda \u201csoy la voz de aquellas a las que callaron\u201d.<\/p>\n<p>Por otro lado, dijo que, aunque sabe que ya se tienen abogados en Estados Unidos para buscar justicia, ha preferido mantenerse ajena a estos temas, pues se ha enfocado en arreglar los documentos para viajar y a su proceso de duelo.<\/p>\n<p>Por \u00faltimo, detall\u00f3 que ha tenido apoyo tanto de autoridades locales como federales para los tr\u00e1mites necesarios y concluy\u00f3 que su lucha como madre es que se recuerde a su hija como una mujer fuerte y valiente.<\/p>\n<p>Por: Jes\u00fas Gonz\u00e1lez<\/p>\n","protected":false},"excerpt":{"rendered":"<p>Alejandra Ruiz Zarco lleg\u00f3 a Los \u00c1ngeles por medio de una visa humanitaria este lunes para repatriar los restos de su hija, la soldado Ana Fernanda Basaldua, v\u00edctima de un presunto feminicidio en una base militar en Texas; desde Tac\u00e1mbaro, Michoac\u00e1n, previo a salir del pa\u00eds, se reuni\u00f3 junto con un grupo de amigos y [&hellip;]<\/p>\n","protected":false},"author":1,"featured_media":46620,"comment_status":"open","ping_status":"open","sticky":false,"template":"","format":"standard","meta":{"om_disable_all_campaigns":false,"_monsterinsights_skip_tracking":false,"_monsterinsights_sitenote_active":false,"_monsterinsights_sitenote_note":"","_monsterinsights_sitenote_category":0,"_uf_show_specific_survey":0,"_uf_disable_surveys":false,"_jetpack_memberships_contains_paid_content":false,"footnotes":"","jetpack_publicize_message":"","jetpack_publicize_feature_enabled":true,"jetpack_social_post_already_shared":false,"jetpack_social_options":{"image_generator_settings":{"template":"highway","default_image_id":0,"enabled":false},"version":2}},"categories":[24],"tags":[],"class_list":{"0":"post-46619","1":"post","2":"type-post","3":"status-publish","4":"format-standard","5":"has-post-thumbnail","7":"category-seguridad"},"aioseo_notices":[],"jetpack_publicize_connections":[],"jetpack_featured_media_url":"https:\/\/mediagroup.mx\/wp-content\/uploads\/2023\/06\/EB5504DE-A125-4513-BB89-72E51F8EF2D5.jpeg","jetpack_sharing_enabled":true,"_links":{"self":[{"href":"https:\/\/mediagroup.mx\/index.php\/wp-json\/wp\/v2\/posts\/46619","targetHints":{"allow":["GET"]}}],"collection":[{"href":"https:\/\/mediagroup.mx\/index.php\/wp-json\/wp\/v2\/posts"}],"about":[{"href":"https:\/\/mediagroup.mx\/index.php\/wp-json\/wp\/v2\/types\/post"}],"author":[{"embeddable":true,"href":"https:\/\/mediagroup.mx\/index.php\/wp-json\/wp\/v2\/users\/1"}],"replies":[{"embeddable":true,"href":"https:\/\/mediagroup.mx\/index.php\/wp-json\/wp\/v2\/comments?post=46619"}],"version-history":[{"count":0,"href":"https:\/\/mediagroup.mx\/index.php\/wp-json\/wp\/v2\/posts\/46619\/revisions"}],"wp:featuredmedia":[{"embeddable":true,"href":"https:\/\/mediagroup.mx\/index.php\/wp-json\/wp\/v2\/media\/46620"}],"wp:attachment":[{"href":"https:\/\/mediagroup.mx\/index.php\/wp-json\/wp\/v2\/media?parent=46619"}],"wp:term":[{"taxonomy":"category","embeddable":true,"href":"https:\/\/mediagroup.mx\/index.php\/wp-json\/wp\/v2\/categories?post=46619"},{"taxonomy":"post_tag","embeddable":true,"href":"https:\/\/mediagroup.mx\/index.php\/wp-json\/wp\/v2\/tags?post=46619"}],"curies":[{"name":"wp","href":"https:\/\/api.w.org\/{rel}","templated":true}]}}