{"id":46621,"date":"2023-06-26T20:45:17","date_gmt":"2023-06-26T20:45:17","guid":{"rendered":"https:\/\/new.mediagroup.mx\/index.php\/2023\/06\/26\/se-excedio-la-contraloria-con-inhabilitacion-de-silvano-prd-michoacan-declaracion-patrimonial-es-una-cuestion-personal\/"},"modified":"2023-06-26T20:45:17","modified_gmt":"2023-06-26T20:45:17","slug":"se-excedio-la-contraloria-con-inhabilitacion-de-silvano-prd-michoacan-declaracion-patrimonial-es-una-cuestion-personal","status":"publish","type":"post","link":"https:\/\/mediagroup.mx\/index.php\/2023\/06\/26\/se-excedio-la-contraloria-con-inhabilitacion-de-silvano-prd-michoacan-declaracion-patrimonial-es-una-cuestion-personal\/","title":{"rendered":"Se excedi\u00f3 la contralor\u00eda con inhabilitaci\u00f3n de Silvano: PRD Michoac\u00e1n; declaraci\u00f3n patrimonial es una cuesti\u00f3n personal"},"content":{"rendered":"<p>El PRD en Michoac\u00e1n manifest\u00f3 en rueda de prensa, en voz de su dirigente, Octavio Ocampo C\u00f3rdoba, que la Contralor\u00eda del Estado se excedi\u00f3 con la inhabilitaci\u00f3n de Silvano Aureoles Conejo, ex gobernador de la entidad, por no haber presentado su declaraci\u00f3n patrimonial, que calific\u00f3 como \u201cuna cuesti\u00f3n personal\u201d el presentar o no esta rendici\u00f3n de cuentas.<\/p>\n<p>Aunado a ello, dijo que esta decisi\u00f3n de la Contralor\u00eda puede ser apelada por un juzgado o en los tribunales.<\/p>\n<p>Por \u00faltimo, admiti\u00f3 que fue un error no haberla presentado en tiempo y forma como la ley marca, pero acusa m\u00f3viles pol\u00edticos detr\u00e1s de esta sanci\u00f3n administrativa.<\/p>\n<p>Por: Jes\u00fas Gonz\u00e1lez<\/p>\n","protected":false},"excerpt":{"rendered":"<p>El PRD en Michoac\u00e1n manifest\u00f3 en rueda de prensa, en voz de su dirigente, Octavio Ocampo C\u00f3rdoba, que la Contralor\u00eda del Estado se excedi\u00f3 con la inhabilitaci\u00f3n de Silvano Aureoles Conejo, ex gobernador de la entidad, por no haber presentado su declaraci\u00f3n patrimonial, que calific\u00f3 como \u201cuna cuesti\u00f3n personal\u201d el presentar o no esta rendici\u00f3n [&hellip;]<\/p>\n","protected":false},"author":1,"featured_media":46622,"comment_status":"open","ping_status":"open","sticky":false,"template":"","format":"standard","meta":{"om_disable_all_campaigns":false,"_monsterinsights_skip_tracking":false,"_monsterinsights_sitenote_active":false,"_monsterinsights_sitenote_note":"","_monsterinsights_sitenote_category":0,"_uf_show_specific_survey":0,"_uf_disable_surveys":false,"_jetpack_memberships_contains_paid_content":false,"footnotes":"","jetpack_publicize_message":"","jetpack_publicize_feature_enabled":true,"jetpack_social_post_already_shared":false,"jetpack_social_options":{"image_generator_settings":{"template":"highway","default_image_id":0,"enabled":false},"version":2}},"categories":[15],"tags":[],"class_list":{"0":"post-46621","1":"post","2":"type-post","3":"status-publish","4":"format-standard","5":"has-post-thumbnail","7":"category-michoacan"},"aioseo_notices":[],"jetpack_publicize_connections":[],"jetpack_featured_media_url":"https:\/\/mediagroup.mx\/wp-content\/uploads\/2023\/06\/A9585B5A-D6F7-4255-B674-1E55CB848BC5.jpeg","jetpack_sharing_enabled":true,"_links":{"self":[{"href":"https:\/\/mediagroup.mx\/index.php\/wp-json\/wp\/v2\/posts\/46621","targetHints":{"allow":["GET"]}}],"collection":[{"href":"https:\/\/mediagroup.mx\/index.php\/wp-json\/wp\/v2\/posts"}],"about":[{"href":"https:\/\/mediagroup.mx\/index.php\/wp-json\/wp\/v2\/types\/post"}],"author":[{"embeddable":true,"href":"https:\/\/mediagroup.mx\/index.php\/wp-json\/wp\/v2\/users\/1"}],"replies":[{"embeddable":true,"href":"https:\/\/mediagroup.mx\/index.php\/wp-json\/wp\/v2\/comments?post=46621"}],"version-history":[{"count":0,"href":"https:\/\/mediagroup.mx\/index.php\/wp-json\/wp\/v2\/posts\/46621\/revisions"}],"wp:featuredmedia":[{"embeddable":true,"href":"https:\/\/mediagroup.mx\/index.php\/wp-json\/wp\/v2\/media\/46622"}],"wp:attachment":[{"href":"https:\/\/mediagroup.mx\/index.php\/wp-json\/wp\/v2\/media?parent=46621"}],"wp:term":[{"taxonomy":"category","embeddable":true,"href":"https:\/\/mediagroup.mx\/index.php\/wp-json\/wp\/v2\/categories?post=46621"},{"taxonomy":"post_tag","embeddable":true,"href":"https:\/\/mediagroup.mx\/index.php\/wp-json\/wp\/v2\/tags?post=46621"}],"curies":[{"name":"wp","href":"https:\/\/api.w.org\/{rel}","templated":true}]}}