{"id":46625,"date":"2023-06-26T20:45:39","date_gmt":"2023-06-26T20:45:39","guid":{"rendered":"https:\/\/new.mediagroup.mx\/index.php\/2023\/06\/26\/preside-lorenzo-cordova-su-ultima-sesion-del-ine\/"},"modified":"2023-06-26T20:45:39","modified_gmt":"2023-06-26T20:45:39","slug":"preside-lorenzo-cordova-su-ultima-sesion-del-ine","status":"publish","type":"post","link":"https:\/\/mediagroup.mx\/index.php\/2023\/06\/26\/preside-lorenzo-cordova-su-ultima-sesion-del-ine\/","title":{"rendered":"Preside Lorenzo C\u00f3rdova su \u00faltima sesi\u00f3n del INE"},"content":{"rendered":"<p>Al encabezar su <strong>\u00faltima sesi\u00f3n de la Junta General Ejecutiva del INE,<\/strong> <strong>Lorenzo C\u00f3rdova Vianello<\/strong> se despidi\u00f3 agradeciendo a directivos y trabajadores por su \u201ccompromiso y valent\u00eda\u201d, que los convirti\u00f3 en el mejor conjunto de profesionales en el \u00e1mbito del servicio p\u00fablico de todo el pa\u00eds\u201d.<\/p>\n<p><strong>\u00abGracias y hasta siempre\u00bb, dijo en una emotiva despedida.<\/strong><\/p>\n<p>En su mensaje<strong> C\u00f3rdova Vianello<\/strong> asegur\u00f3 que la causa del INE siempre ha estado orientada al servicio de la ciudadan\u00eda.<\/p>\n<p>&nbsp;<\/p>\n<blockquote class=\"td_quote_box td_box_center\"><p><strong>\u201cNuestra tarea, nuestra causa es consolidar la democracia electoral en M\u00e9xico y darle a la ciudadan\u00eda la garant\u00eda del pleno ejercicio de sus derechos pol\u00edticos y bases fundamentales a su derecho a la identidad, entre otros mandatos institucionales que siempre hemos cumplido, d\u00e1ndole as\u00ed estabilidad pol\u00edtica y gobernabilidad democr\u00e1tica a nuestro pa\u00eds\u201d, apunt\u00f3.<\/strong><\/p><\/blockquote>\n<p>Para el Secretario Ejecutivo,<strong> Edmundo Jacobo<\/strong>, al hacer uso de la palabra destac\u00f3 el liderazgo de C\u00f3rdova Vianello quien transform\u00f3 <strong>IFE en INE.<\/strong><\/p>\n<blockquote class=\"td_quote_box td_box_center\"><p><strong>\u201cUn gran liderazgo que yo le reconozco y estoy seguro de que, todos mis colegas en esta junta reconocen el liderazgo que ha tenido el doctor Lorenzo C\u00f3rdova Vianello a lo largo de estos nueve a\u00f1os. El liderazgo que da la visi\u00f3n del sentido que tiene la democracia y la responsabilidad de esta instituci\u00f3n en estos t\u00e9rminos, para darle al pa\u00eds paz p\u00fablica, en eso se traduce el trabajo de esta instituci\u00f3n\u201d, concluy\u00f3.<\/strong><\/p><\/blockquote>\n<div class=\"twitter-tweet twitter-tweet-rendered\"><iframe id=\"twitter-widget-0\" class=\"\" title=\"Twitter Tweet\" src=\"https:\/\/platform.twitter.com\/embed\/Tweet.html?creatorScreenName=enfasisnoticias&amp;dnt=false&amp;embedId=twitter-widget-0&amp;features=eyJ0ZndfdGltZWxpbmVfbGlzdCI6eyJidWNrZXQiOltdLCJ2ZXJzaW9uIjpudWxsfSwidGZ3X2ZvbGxvd2VyX2NvdW50X3N1bnNldCI6eyJidWNrZXQiOnRydWUsInZlcnNpb24iOm51bGx9LCJ0ZndfdHdlZXRfZWRpdF9iYWNrZW5kIjp7ImJ1Y2tldCI6Im9uIiwidmVyc2lvbiI6bnVsbH0sInRmd19yZWZzcmNfc2Vzc2lvbiI6eyJidWNrZXQiOiJvbiIsInZlcnNpb24iOm51bGx9LCJ0ZndfbWl4ZWRfbWVkaWFfMTU4OTciOnsiYnVja2V0IjoidHJlYXRtZW50IiwidmVyc2lvbiI6bnVsbH0sInRmd19leHBlcmltZW50c19jb29raWVfZXhwaXJhdGlvbiI6eyJidWNrZXQiOjEyMDk2MDAsInZlcnNpb24iOm51bGx9LCJ0ZndfZHVwbGljYXRlX3NjcmliZXNfdG9fc2V0dGluZ3MiOnsiYnVja2V0Ijoib24iLCJ2ZXJzaW9uIjpudWxsfSwidGZ3X3ZpZGVvX2hsc19keW5hbWljX21hbmlmZXN0c18xNTA4MiI6eyJidWNrZXQiOiJ0cnVlX2JpdHJhdGUiLCJ2ZXJzaW9uIjpudWxsfSwidGZ3X2xlZ2FjeV90aW1lbGluZV9zdW5zZXQiOnsiYnVja2V0Ijp0cnVlLCJ2ZXJzaW9uIjpudWxsfSwidGZ3X3R3ZWV0X2VkaXRfZnJvbnRlbmQiOnsiYnVja2V0Ijoib24iLCJ2ZXJzaW9uIjpudWxsfX0%3D&amp;frame=false&amp;hideCard=false&amp;hideThread=false&amp;id=1640113640844976128&amp;lang=es&amp;origin=https%3A%2F%2Fnoticiasenfasis.com.mx%2Fpresidio-lorenzo-cordova-hoy-su-ultima-sesion-de-la-junta-general-ejecutiva-del-ine%2F&amp;sessionId=899bcabb272475f20d6ef1da9a50ca014d4c8211&amp;siteScreenName=enfasisnoticias&amp;theme=light&amp;widgetsVersion=aaf4084522e3a%3A1674595607486&amp;width=550px\" frameborder=\"0\" scrolling=\"no\" allowfullscreen=\"allowfullscreen\" data-tweet-id=\"1640113640844976128\" data-mce-fragment=\"1\"><\/iframe><\/div>\n<p>Con informaci\u00f3n de: Noticias \u00c9nfasis<\/p>\n","protected":false},"excerpt":{"rendered":"<p>Al encabezar su \u00faltima sesi\u00f3n de la Junta General Ejecutiva del INE, Lorenzo C\u00f3rdova Vianello se despidi\u00f3 agradeciendo a directivos y trabajadores por su \u201ccompromiso y valent\u00eda\u201d, que los convirti\u00f3 en el mejor conjunto de profesionales en el \u00e1mbito del servicio p\u00fablico de todo el pa\u00eds\u201d. \u00abGracias y hasta siempre\u00bb, dijo en una emotiva despedida. [&hellip;]<\/p>\n","protected":false},"author":1,"featured_media":46626,"comment_status":"open","ping_status":"open","sticky":false,"template":"","format":"standard","meta":{"om_disable_all_campaigns":false,"_monsterinsights_skip_tracking":false,"_monsterinsights_sitenote_active":false,"_monsterinsights_sitenote_note":"","_monsterinsights_sitenote_category":0,"_uf_show_specific_survey":0,"_uf_disable_surveys":false,"_jetpack_memberships_contains_paid_content":false,"footnotes":"","jetpack_publicize_message":"","jetpack_publicize_feature_enabled":true,"jetpack_social_post_already_shared":false,"jetpack_social_options":{"image_generator_settings":{"template":"highway","default_image_id":0,"enabled":false},"version":2}},"categories":[23],"tags":[],"class_list":{"0":"post-46625","1":"post","2":"type-post","3":"status-publish","4":"format-standard","5":"has-post-thumbnail","7":"category-nacional"},"aioseo_notices":[],"jetpack_publicize_connections":[],"jetpack_featured_media_url":"https:\/\/mediagroup.mx\/wp-content\/uploads\/2023\/06\/4573EDD4-9C88-48AD-95E4-AD69F177CF2D.png","jetpack_sharing_enabled":true,"_links":{"self":[{"href":"https:\/\/mediagroup.mx\/index.php\/wp-json\/wp\/v2\/posts\/46625","targetHints":{"allow":["GET"]}}],"collection":[{"href":"https:\/\/mediagroup.mx\/index.php\/wp-json\/wp\/v2\/posts"}],"about":[{"href":"https:\/\/mediagroup.mx\/index.php\/wp-json\/wp\/v2\/types\/post"}],"author":[{"embeddable":true,"href":"https:\/\/mediagroup.mx\/index.php\/wp-json\/wp\/v2\/users\/1"}],"replies":[{"embeddable":true,"href":"https:\/\/mediagroup.mx\/index.php\/wp-json\/wp\/v2\/comments?post=46625"}],"version-history":[{"count":0,"href":"https:\/\/mediagroup.mx\/index.php\/wp-json\/wp\/v2\/posts\/46625\/revisions"}],"wp:featuredmedia":[{"embeddable":true,"href":"https:\/\/mediagroup.mx\/index.php\/wp-json\/wp\/v2\/media\/46626"}],"wp:attachment":[{"href":"https:\/\/mediagroup.mx\/index.php\/wp-json\/wp\/v2\/media?parent=46625"}],"wp:term":[{"taxonomy":"category","embeddable":true,"href":"https:\/\/mediagroup.mx\/index.php\/wp-json\/wp\/v2\/categories?post=46625"},{"taxonomy":"post_tag","embeddable":true,"href":"https:\/\/mediagroup.mx\/index.php\/wp-json\/wp\/v2\/tags?post=46625"}],"curies":[{"name":"wp","href":"https:\/\/api.w.org\/{rel}","templated":true}]}}