{"id":46627,"date":"2023-06-26T20:45:39","date_gmt":"2023-06-26T20:45:39","guid":{"rendered":"https:\/\/new.mediagroup.mx\/index.php\/2023\/06\/26\/del-31-de-marzo-al-2-de-abril-la-4a-edicion-de-la-feria-de-la-capirotada-y-la-empanada-en-morelia\/"},"modified":"2023-06-26T20:45:39","modified_gmt":"2023-06-26T20:45:39","slug":"del-31-de-marzo-al-2-de-abril-la-4a-edicion-de-la-feria-de-la-capirotada-y-la-empanada-en-morelia","status":"publish","type":"post","link":"https:\/\/mediagroup.mx\/index.php\/2023\/06\/26\/del-31-de-marzo-al-2-de-abril-la-4a-edicion-de-la-feria-de-la-capirotada-y-la-empanada-en-morelia\/","title":{"rendered":"Del 31 de marzo al 2 de abril, la 4\u00aa Edici\u00f3n de la Feria de la Capirotada y la Empanada en Morelia"},"content":{"rendered":"<p>Con la participaci\u00f3n de 20 panader\u00edas de Morelia y del interior del estado y cocineras tradicionales que ofertar\u00e1n platillos de Semana Santa, la Secretar\u00eda de Fomento Econ\u00f3mico (SEFECO) del municipio anunci\u00f3 en rueda de prensa la 4\u00aa Edici\u00f3n de la Feria de la Capirotada y la Empanada que ser\u00e1 del 31 de marzo al 2 de abril en la Plaza del Carmen del Centro Hist\u00f3rico, como inform\u00f3 la secretaria Guadalupe Herrera Calder\u00f3n.<\/p>\n<p>Asimismo, detall\u00f3 que este evento tendr\u00e1 un horario de 9:00 a 21:00 horas y se espera superar la afluencia de 10 mil visitantes y la derrama econ\u00f3mica de 990 mil pesos lograda en la edici\u00f3n anterior<\/p>\n<p>Por \u00faltimo, Oliverio Cruz Guti\u00e9rrez, panadero miembro de la C\u00e1mara de la Industria Panificador (CANAINPA), dijo que este evento es el rescate de un platillo muy tradicional.<\/p>\n<p>Por: Jes\u00fas Gonz\u00e1lez<\/p>\n","protected":false},"excerpt":{"rendered":"<p>Con la participaci\u00f3n de 20 panader\u00edas de Morelia y del interior del estado y cocineras tradicionales que ofertar\u00e1n platillos de Semana Santa, la Secretar\u00eda de Fomento Econ\u00f3mico (SEFECO) del municipio anunci\u00f3 en rueda de prensa la 4\u00aa Edici\u00f3n de la Feria de la Capirotada y la Empanada que ser\u00e1 del 31 de marzo al 2 [&hellip;]<\/p>\n","protected":false},"author":1,"featured_media":46628,"comment_status":"open","ping_status":"open","sticky":false,"template":"","format":"standard","meta":{"om_disable_all_campaigns":false,"_monsterinsights_skip_tracking":false,"_monsterinsights_sitenote_active":false,"_monsterinsights_sitenote_note":"","_monsterinsights_sitenote_category":0,"_uf_show_specific_survey":0,"_uf_disable_surveys":false,"_jetpack_memberships_contains_paid_content":false,"footnotes":"","jetpack_publicize_message":"","jetpack_publicize_feature_enabled":true,"jetpack_social_post_already_shared":false,"jetpack_social_options":{"image_generator_settings":{"template":"highway","default_image_id":0,"enabled":false},"version":2}},"categories":[17],"tags":[],"class_list":{"0":"post-46627","1":"post","2":"type-post","3":"status-publish","4":"format-standard","5":"has-post-thumbnail","7":"category-morelia"},"aioseo_notices":[],"jetpack_publicize_connections":[],"jetpack_featured_media_url":"https:\/\/mediagroup.mx\/wp-content\/uploads\/2023\/06\/11E37500-6D59-46E4-9C42-2A03538ADD2C.jpeg","jetpack_sharing_enabled":true,"_links":{"self":[{"href":"https:\/\/mediagroup.mx\/index.php\/wp-json\/wp\/v2\/posts\/46627","targetHints":{"allow":["GET"]}}],"collection":[{"href":"https:\/\/mediagroup.mx\/index.php\/wp-json\/wp\/v2\/posts"}],"about":[{"href":"https:\/\/mediagroup.mx\/index.php\/wp-json\/wp\/v2\/types\/post"}],"author":[{"embeddable":true,"href":"https:\/\/mediagroup.mx\/index.php\/wp-json\/wp\/v2\/users\/1"}],"replies":[{"embeddable":true,"href":"https:\/\/mediagroup.mx\/index.php\/wp-json\/wp\/v2\/comments?post=46627"}],"version-history":[{"count":0,"href":"https:\/\/mediagroup.mx\/index.php\/wp-json\/wp\/v2\/posts\/46627\/revisions"}],"wp:featuredmedia":[{"embeddable":true,"href":"https:\/\/mediagroup.mx\/index.php\/wp-json\/wp\/v2\/media\/46628"}],"wp:attachment":[{"href":"https:\/\/mediagroup.mx\/index.php\/wp-json\/wp\/v2\/media?parent=46627"}],"wp:term":[{"taxonomy":"category","embeddable":true,"href":"https:\/\/mediagroup.mx\/index.php\/wp-json\/wp\/v2\/categories?post=46627"},{"taxonomy":"post_tag","embeddable":true,"href":"https:\/\/mediagroup.mx\/index.php\/wp-json\/wp\/v2\/tags?post=46627"}],"curies":[{"name":"wp","href":"https:\/\/api.w.org\/{rel}","templated":true}]}}