{"id":46633,"date":"2023-06-26T20:45:39","date_gmt":"2023-06-26T20:45:39","guid":{"rendered":"https:\/\/new.mediagroup.mx\/index.php\/2023\/06\/26\/congreso-de-michoacan-violenta-principios-constitucionales-diputada-adriana-hernandez\/"},"modified":"2023-06-26T20:45:39","modified_gmt":"2023-06-26T20:45:39","slug":"congreso-de-michoacan-violenta-principios-constitucionales-diputada-adriana-hernandez","status":"publish","type":"post","link":"https:\/\/mediagroup.mx\/index.php\/2023\/06\/26\/congreso-de-michoacan-violenta-principios-constitucionales-diputada-adriana-hernandez\/","title":{"rendered":"Congreso de Michoac\u00e1n violenta principios constitucionales: Diputada Adriana Hern\u00e1ndez"},"content":{"rendered":"<p class=\"p1\"><span class=\"s1\"> \u201cAl negarse el derecho de reelecci\u00f3n al Magistrado del Tribunal de Justicia Administrativa de Michoac\u00e1n, Sergio Mecino Morales, sin que exista una causa grave que atienda una debida fundamentaci\u00f3n y motivaci\u00f3n, se est\u00e1n violentando principios constitucionales como legalidad, seguridad jur\u00eddica e igualdad\u201d, expres\u00f3 la Diputada Adriana Hern\u00e1ndez \u00cd\u00f1iguez en sesi\u00f3n extraordinaria del Poder Legislativo. <\/span><\/p>\n<p class=\"p1\"><span class=\"s1\">Lament\u00f3 que se comentan irregularidades y se violenten los derechos de un ciudadano. <\/span><\/p>\n<p class=\"p1\"><span class=\"s1\">E hizo un llamado en\u00e9rgico a las y los ciudadanos a no permitir que se atropellen poderes ni \u00f3rganos aut\u00f3nomos por parte del Ejecutivo: \u201catentas michoacanas y michoacanos, esto es un intento del Estado de hacer lo que el Gobierno Federal est\u00e1 haciendo en contra de los \u00f3rganos aut\u00f3nomos, ojal\u00e1 que no lo permitamos\u201d. <\/span><\/p>\n<p class=\"p2\">\n<p class=\"p1\"><span class=\"s1\">La legisladora priista explic\u00f3 que a los congresos locales s\u00f3lo les compete interpretar la Constituci\u00f3n para que las y los magistrados puedan ser reelectos hasta en dos ocasiones para el ejercicio de su cargo, cuando su desempe\u00f1o no sea cuestionable y haya constancias que as\u00ed lo demuestren. <\/span><\/p>\n<p class=\"p1\"><span class=\"s1\">\u201cNos encontramos con graves inconsistencias procedimentales en la decisi\u00f3n de este Congreso, en dict\u00e1menes hechos a modo, privilegiando los intereses pol\u00edticos del Estado, m\u00e1s all\u00e1 de argumentos jur\u00eddicos y legales. M\u00e1s all\u00e1 de nombres, colores y filias, debe hacer un respeto a un derecho constitucional que es la reelecci\u00f3n\u201d. <\/span><\/p>\n<p class=\"p1\"><span class=\"s1\">E hizo un llamado a sus compa\u00f1eras y compa\u00f1eros diputados a que no olviden que la Constituci\u00f3n es el ordenamiento fundamental de mayor jerarqu\u00eda de las y los michoacanos y debe ser respetada por todas y todos; \u201cpero m\u00e1s a\u00fan por congruencia, las y los legisladores estamos obligados a poner el ejemplo\u201d. <\/span><\/p>\n<p class=\"p1\"><span class=\"s1\">\u00a0<\/span><\/p>\n<p class=\"p1\"><span class=\"s1\">\u00a0<\/span><\/p>\n<p class=\"p1\"><span class=\"s1\">\u201cQue grave que funcionarios del Estado hayan dado l\u00ednea pol\u00edtica para buscar argumentos y negar el derecho de un Magistrado a ser reelecto, sin haber analizado y evaluado su desempe\u00f1o. Pero en el caso de su amigo fue todo lo contrario y se le concedi\u00f3 la reelecci\u00f3n\u201d, expres\u00f3 Hern\u00e1ndez \u00cd\u00f1iguez. <\/span><\/p>\n<p class=\"p1\"><span class=\"s1\">\u00a0<\/span><\/p>\n<p class=\"p1\"><span class=\"s1\">Y finaliz\u00f3 abriendo una interrogante: \u201c\u00bfno ser\u00e1 que el Ejecutivo pretende tener el control del \u00f3rgano judicial anticorrupci\u00f3n que sanciona faltas administrativas para maniobrar como un Estado absolutista?\u201d<\/span><\/p>\n","protected":false},"excerpt":{"rendered":"<p>\u201cAl negarse el derecho de reelecci\u00f3n al Magistrado del Tribunal de Justicia Administrativa de Michoac\u00e1n, Sergio Mecino Morales, sin que exista una causa grave que atienda una debida fundamentaci\u00f3n y motivaci\u00f3n, se est\u00e1n violentando principios constitucionales como legalidad, seguridad jur\u00eddica e igualdad\u201d, expres\u00f3 la Diputada Adriana Hern\u00e1ndez \u00cd\u00f1iguez en sesi\u00f3n extraordinaria del Poder Legislativo. Lament\u00f3 [&hellip;]<\/p>\n","protected":false},"author":1,"featured_media":46634,"comment_status":"open","ping_status":"open","sticky":false,"template":"","format":"standard","meta":{"om_disable_all_campaigns":false,"_monsterinsights_skip_tracking":false,"_monsterinsights_sitenote_active":false,"_monsterinsights_sitenote_note":"","_monsterinsights_sitenote_category":0,"_uf_show_specific_survey":0,"_uf_disable_surveys":false,"_jetpack_memberships_contains_paid_content":false,"footnotes":"","jetpack_publicize_message":"","jetpack_publicize_feature_enabled":true,"jetpack_social_post_already_shared":false,"jetpack_social_options":{"image_generator_settings":{"template":"highway","default_image_id":0,"enabled":false},"version":2}},"categories":[15],"tags":[],"class_list":{"0":"post-46633","1":"post","2":"type-post","3":"status-publish","4":"format-standard","5":"has-post-thumbnail","7":"category-michoacan"},"aioseo_notices":[],"jetpack_publicize_connections":[],"jetpack_featured_media_url":"https:\/\/mediagroup.mx\/wp-content\/uploads\/2023\/06\/F70DF755-59F1-4132-9295-8D18CEA200E5.jpeg","jetpack_sharing_enabled":true,"_links":{"self":[{"href":"https:\/\/mediagroup.mx\/index.php\/wp-json\/wp\/v2\/posts\/46633","targetHints":{"allow":["GET"]}}],"collection":[{"href":"https:\/\/mediagroup.mx\/index.php\/wp-json\/wp\/v2\/posts"}],"about":[{"href":"https:\/\/mediagroup.mx\/index.php\/wp-json\/wp\/v2\/types\/post"}],"author":[{"embeddable":true,"href":"https:\/\/mediagroup.mx\/index.php\/wp-json\/wp\/v2\/users\/1"}],"replies":[{"embeddable":true,"href":"https:\/\/mediagroup.mx\/index.php\/wp-json\/wp\/v2\/comments?post=46633"}],"version-history":[{"count":0,"href":"https:\/\/mediagroup.mx\/index.php\/wp-json\/wp\/v2\/posts\/46633\/revisions"}],"wp:featuredmedia":[{"embeddable":true,"href":"https:\/\/mediagroup.mx\/index.php\/wp-json\/wp\/v2\/media\/46634"}],"wp:attachment":[{"href":"https:\/\/mediagroup.mx\/index.php\/wp-json\/wp\/v2\/media?parent=46633"}],"wp:term":[{"taxonomy":"category","embeddable":true,"href":"https:\/\/mediagroup.mx\/index.php\/wp-json\/wp\/v2\/categories?post=46633"},{"taxonomy":"post_tag","embeddable":true,"href":"https:\/\/mediagroup.mx\/index.php\/wp-json\/wp\/v2\/tags?post=46633"}],"curies":[{"name":"wp","href":"https:\/\/api.w.org\/{rel}","templated":true}]}}