{"id":46635,"date":"2023-06-26T20:45:39","date_gmt":"2023-06-26T20:45:39","guid":{"rendered":"https:\/\/new.mediagroup.mx\/index.php\/2023\/06\/26\/incendio-en-centro-de-migrantes-al-menos-39-muertos-en-ciudad-juarez\/"},"modified":"2023-06-26T20:45:39","modified_gmt":"2023-06-26T20:45:39","slug":"incendio-en-centro-de-migrantes-al-menos-39-muertos-en-ciudad-juarez","status":"publish","type":"post","link":"https:\/\/mediagroup.mx\/index.php\/2023\/06\/26\/incendio-en-centro-de-migrantes-al-menos-39-muertos-en-ciudad-juarez\/","title":{"rendered":"Incendio en centro de migrantes: al menos 39 muertos en Ciudad Ju\u00e1rez"},"content":{"rendered":"<div class=\"bbc-19j92fr ebmt73l0\" dir=\"ltr\">\n<p class=\"bbc-hhl7in e17g058b0\" dir=\"ltr\"><b>Un incendio en un centro del Instituto Nacional de Migraci\u00f3n de M\u00e9xico (INM) en Ciudad Ju\u00e1rez, en la frontera con Estados Unidos, ha dejado al menos 39 personas muertas y 29 heridas.<\/b><\/p>\n<\/div>\n<div class=\"bbc-19j92fr ebmt73l0\" dir=\"ltr\">\n<p class=\"bbc-hhl7in e17g058b0\" dir=\"ltr\">As\u00ed lo confirm\u00f3 oficialmente el organismo, en un comunicado difundido a trav\u00e9s de su cuenta de <a class=\"focusIndicatorReducedWidth bbc-n8oauk e1p3sufg0\" href=\"https:\/\/twitter.com\/INAMI_mx\/status\/1640665402790359041\" aria-label=\"Twitter, externo\">Twitter<\/a>.<\/p>\n<\/div>\n<div class=\"bbc-19j92fr ebmt73l0\" dir=\"ltr\">\n<p class=\"bbc-hhl7in e17g058b0\" dir=\"ltr\">El incidente ocurri\u00f3 en las instalaciones que el INM tiene en el <b>puente internacional Stanton-Lerdo<\/b> en la norte\u00f1a Ciudad Ju\u00e1rez, vecina a la estadounidense ciudad de El Paso (Texas), poco antes de la 10 de la noche del lunes.<\/p>\n<\/div>\n<div class=\"bbc-19j92fr ebmt73l0\" dir=\"ltr\">\n<p class=\"bbc-hhl7in e17g058b0\" dir=\"ltr\">El organismo revel\u00f3 que <b>68 hombres \u00abmayores de edad\u00bb y \u00aboriginarios de Centro y Sudam\u00e9rica\u00bb se encontraban en el recinto <\/b>al momento de ocurrido el suceso. La llamada \u00abEstancia Provisional de Ciudad Ju\u00e1rez\u00bb es un centro utilizado por las autoridades mexicanas para resguardar a los migrantes que intentan cruzar ilegalmente.<\/p>\n<div class=\"bbc-19j92fr ebmt73l0\" dir=\"ltr\">\n<h2 id=\"Inician-las-investigaciones\" class=\"bbc-1f03ibc eglt09e0\" tabindex=\"-1\">Inician las investigaciones<\/h2>\n<\/div>\n<div class=\"bbc-19j92fr ebmt73l0\" dir=\"ltr\">\n<p class=\"bbc-hhl7in e17g058b0\" dir=\"ltr\">El origen del fuego se desconoce, pero varios testigos aseguraron a medios locales que se inici\u00f3 en el \u00e1rea donde estaban los migrantes masculinos retenidos, por lo que se sospecha que el fuego habr\u00eda sido iniciado por los propios migrantes.<\/p>\n<\/div>\n<div class=\"bbc-19j92fr ebmt73l0\" dir=\"ltr\">\n<p class=\"bbc-hhl7in e17g058b0\" dir=\"ltr\">Esta tesis cobra fuerza por el pronunciamiento de la autoridad migratoria. En su comunicado, el organismo manifest\u00f3 su en\u00e9rgico rechazo a \u00ablos actos que derivaron en esta tragedia\u00bb.<\/p>\n<\/div>\n<div class=\"bbc-19j92fr ebmt73l0\" dir=\"ltr\">\n<p class=\"bbc-hhl7in e17g058b0\" dir=\"ltr\">El INM tambi\u00e9n inform\u00f3 que 29 migrantes que sobrevivieron al incendio fueron trasladados a cuatro hospitales de la zona para atender las heridas que sufrieron. No obstante, admiti\u00f3 que su estado era <b>\u00abdelicado-grave\u00bb<\/b>.<\/p>\n<\/div>\n<div class=\"bbc-19j92fr ebmt73l0\" dir=\"ltr\">\n<p class=\"bbc-hhl7in e17g058b0\" dir=\"ltr\">Hasta las inmediaciones del centro siniestrado se han trasladado los bomberos, servicios de emergencia y efectivos de la Guardia Nacional <b>para sofocar las llamas y atender a las v\u00edctimas<\/b>.<\/p>\n<\/div>\n<div class=\"bbc-19j92fr ebmt73l0\" dir=\"ltr\">\n<p class=\"bbc-hhl7in e17g058b0\" dir=\"ltr\">El mandatario mexicano asegur\u00f3 que las v\u00edctimas son <b>\u00abfundamentalmente centroamericanos y algunos de Venezuela\u00bb<\/b>.<\/p>\n<\/div>\n<div class=\"bbc-19j92fr ebmt73l0\" dir=\"ltr\">\n<p class=\"bbc-hhl7in e17g058b0\" dir=\"ltr\">Vinagly, una mujer venezolana, estaba a las puertas del recinto desesperada por obtener informaci\u00f3n sobre su marido, de 27 a\u00f1os, quien permanec\u00eda recluido all\u00ed.<\/p>\n<\/div>\n<div class=\"bbc-19j92fr ebmt73l0\" dir=\"ltr\">\n<p class=\"bbc-hhl7in e17g058b0\" dir=\"ltr\"><b>\u00abSe lo llevaron en una ambulancia<\/b>, pero los funcionarios no nos dicen nada. Nuestros familiares pueden estar muertos y no nos informan<b>\u00ab<\/b>, dijo a AFP, a\u00f1adiendo que su esposo ten\u00eda documentos que le permit\u00edan permanecer en M\u00e9xico.<\/p>\n<\/div>\n<p dir=\"ltr\">Con informaci\u00f3n de: BBC<\/p>\n<\/div>\n","protected":false},"excerpt":{"rendered":"<p>Un incendio en un centro del Instituto Nacional de Migraci\u00f3n de M\u00e9xico (INM) en Ciudad Ju\u00e1rez, en la frontera con Estados Unidos, ha dejado al menos 39 personas muertas y 29 heridas. As\u00ed lo confirm\u00f3 oficialmente el organismo, en un comunicado difundido a trav\u00e9s de su cuenta de Twitter. El incidente ocurri\u00f3 en las instalaciones [&hellip;]<\/p>\n","protected":false},"author":1,"featured_media":46636,"comment_status":"open","ping_status":"open","sticky":false,"template":"","format":"standard","meta":{"om_disable_all_campaigns":false,"_monsterinsights_skip_tracking":false,"_monsterinsights_sitenote_active":false,"_monsterinsights_sitenote_note":"","_monsterinsights_sitenote_category":0,"_uf_show_specific_survey":0,"_uf_disable_surveys":false,"_jetpack_memberships_contains_paid_content":false,"footnotes":"","jetpack_publicize_message":"","jetpack_publicize_feature_enabled":true,"jetpack_social_post_already_shared":false,"jetpack_social_options":{"image_generator_settings":{"template":"highway","default_image_id":0,"enabled":false},"version":2}},"categories":[23,16],"tags":[],"class_list":{"0":"post-46635","1":"post","2":"type-post","3":"status-publish","4":"format-standard","5":"has-post-thumbnail","7":"category-nacional","8":"category-viral"},"aioseo_notices":[],"jetpack_publicize_connections":[],"jetpack_featured_media_url":"https:\/\/mediagroup.mx\/wp-content\/uploads\/2023\/06\/55EBAE81-F472-47D7-AF6C-AF30D98E5DC5.jpeg","jetpack_sharing_enabled":true,"_links":{"self":[{"href":"https:\/\/mediagroup.mx\/index.php\/wp-json\/wp\/v2\/posts\/46635","targetHints":{"allow":["GET"]}}],"collection":[{"href":"https:\/\/mediagroup.mx\/index.php\/wp-json\/wp\/v2\/posts"}],"about":[{"href":"https:\/\/mediagroup.mx\/index.php\/wp-json\/wp\/v2\/types\/post"}],"author":[{"embeddable":true,"href":"https:\/\/mediagroup.mx\/index.php\/wp-json\/wp\/v2\/users\/1"}],"replies":[{"embeddable":true,"href":"https:\/\/mediagroup.mx\/index.php\/wp-json\/wp\/v2\/comments?post=46635"}],"version-history":[{"count":0,"href":"https:\/\/mediagroup.mx\/index.php\/wp-json\/wp\/v2\/posts\/46635\/revisions"}],"wp:featuredmedia":[{"embeddable":true,"href":"https:\/\/mediagroup.mx\/index.php\/wp-json\/wp\/v2\/media\/46636"}],"wp:attachment":[{"href":"https:\/\/mediagroup.mx\/index.php\/wp-json\/wp\/v2\/media?parent=46635"}],"wp:term":[{"taxonomy":"category","embeddable":true,"href":"https:\/\/mediagroup.mx\/index.php\/wp-json\/wp\/v2\/categories?post=46635"},{"taxonomy":"post_tag","embeddable":true,"href":"https:\/\/mediagroup.mx\/index.php\/wp-json\/wp\/v2\/tags?post=46635"}],"curies":[{"name":"wp","href":"https:\/\/api.w.org\/{rel}","templated":true}]}}