{"id":46643,"date":"2023-06-26T20:45:39","date_gmt":"2023-06-26T20:45:39","guid":{"rendered":"https:\/\/new.mediagroup.mx\/index.php\/2023\/06\/26\/corcholatas-deben-responsabilizarse-por-muerte-de-migrantes-en-vez-de-seguir-en-campana-diputada-adriana-hernandez\/"},"modified":"2023-06-26T20:45:39","modified_gmt":"2023-06-26T20:45:39","slug":"corcholatas-deben-responsabilizarse-por-muerte-de-migrantes-en-vez-de-seguir-en-campana-diputada-adriana-hernandez","status":"publish","type":"post","link":"https:\/\/mediagroup.mx\/index.php\/2023\/06\/26\/corcholatas-deben-responsabilizarse-por-muerte-de-migrantes-en-vez-de-seguir-en-campana-diputada-adriana-hernandez\/","title":{"rendered":"\u201dCorcholatas\u201d deben responsabilizarse por muerte de migrantes en vez de seguir en campa\u00f1a: Diputada Adriana Hern\u00e1ndez"},"content":{"rendered":"<p>Tras la muerte de 41 migrantes y m\u00e1s de 20 lesionados el pasado 27 de marzo en la estancia migratoria del Instituto Nacional de Migraci\u00f3n (INM) en Ciudad Ju\u00e1rez, Chihuahua; la diputada Adriana Hern\u00e1ndez \u00cd\u00f1iguez, hizo un llamado en\u00e9rgico al Secretario de Gobernaci\u00f3n, Ad\u00e1n Augusto L\u00f3pez y al Secretario de Relaciones Exteriores, Marcelo Ebrard; a responsabilizarse y esclarecer los hechos.<\/p>\n<p>\u201cEsta terrible e indignante tragedia es responsabilidad de los secretarios de Gobernaci\u00f3n y de Relaciones Exteriores; y lejos de cumplir con su trabajo siguen haciendo campa\u00f1as pol\u00edticas personales para la Presidencia de la Rep\u00fablica\u201d.<\/p>\n<p>Afirm\u00f3 que los apodados \u201ccorcholatas\u201d por el actual Presidente de M\u00e9xico, deben garantizar los derechos humanos y protecci\u00f3n de las y los migrantes que se encuentran en nuestro pa\u00eds.<\/p>\n<p>\u201cCon estas acciones s\u00f3lo pierden la confianza de la ciudadan\u00eda, y a\u00fan as\u00ed \u00bfse quieren candidatear? Debe alguno asumir la responsabilidad y no aventarse la bolita uno a otro\u201d, se\u00f1al\u00f3.<\/p>\n<p>La legisladora michoacana, apunt\u00f3 que lo sucedido en la mencionada estancia es un reflejo de la nula protecci\u00f3n de derechos humanos para las y los migrantes, y muestra la omisi\u00f3n por parte de las autoridades federales.<\/p>\n<p>\u201cEl gobierno de la Rep\u00fablica debe garantizar la dignidad y los derechos de las personas migrantes; as\u00ed como otorgarles acceso a los servicios de salud\u201d, finaliz\u00f3 en entrevista para un medio de comunicaci\u00f3n.<\/p>\n","protected":false},"excerpt":{"rendered":"<p>Tras la muerte de 41 migrantes y m\u00e1s de 20 lesionados el pasado 27 de marzo en la estancia migratoria del Instituto Nacional de Migraci\u00f3n (INM) en Ciudad Ju\u00e1rez, Chihuahua; la diputada Adriana Hern\u00e1ndez \u00cd\u00f1iguez, hizo un llamado en\u00e9rgico al Secretario de Gobernaci\u00f3n, Ad\u00e1n Augusto L\u00f3pez y al Secretario de Relaciones Exteriores, Marcelo Ebrard; a [&hellip;]<\/p>\n","protected":false},"author":1,"featured_media":46644,"comment_status":"open","ping_status":"open","sticky":false,"template":"","format":"standard","meta":{"om_disable_all_campaigns":false,"_monsterinsights_skip_tracking":false,"_monsterinsights_sitenote_active":false,"_monsterinsights_sitenote_note":"","_monsterinsights_sitenote_category":0,"_uf_show_specific_survey":0,"_uf_disable_surveys":false,"_jetpack_memberships_contains_paid_content":false,"footnotes":"","jetpack_publicize_message":"","jetpack_publicize_feature_enabled":true,"jetpack_social_post_already_shared":false,"jetpack_social_options":{"image_generator_settings":{"template":"highway","default_image_id":0,"enabled":false},"version":2}},"categories":[15,23],"tags":[],"class_list":{"0":"post-46643","1":"post","2":"type-post","3":"status-publish","4":"format-standard","5":"has-post-thumbnail","7":"category-michoacan","8":"category-nacional"},"aioseo_notices":[],"jetpack_publicize_connections":[],"jetpack_featured_media_url":"https:\/\/mediagroup.mx\/wp-content\/uploads\/2023\/06\/2D1C3070-C94B-48FD-972B-E838351503F1.jpeg","jetpack_sharing_enabled":true,"_links":{"self":[{"href":"https:\/\/mediagroup.mx\/index.php\/wp-json\/wp\/v2\/posts\/46643","targetHints":{"allow":["GET"]}}],"collection":[{"href":"https:\/\/mediagroup.mx\/index.php\/wp-json\/wp\/v2\/posts"}],"about":[{"href":"https:\/\/mediagroup.mx\/index.php\/wp-json\/wp\/v2\/types\/post"}],"author":[{"embeddable":true,"href":"https:\/\/mediagroup.mx\/index.php\/wp-json\/wp\/v2\/users\/1"}],"replies":[{"embeddable":true,"href":"https:\/\/mediagroup.mx\/index.php\/wp-json\/wp\/v2\/comments?post=46643"}],"version-history":[{"count":0,"href":"https:\/\/mediagroup.mx\/index.php\/wp-json\/wp\/v2\/posts\/46643\/revisions"}],"wp:featuredmedia":[{"embeddable":true,"href":"https:\/\/mediagroup.mx\/index.php\/wp-json\/wp\/v2\/media\/46644"}],"wp:attachment":[{"href":"https:\/\/mediagroup.mx\/index.php\/wp-json\/wp\/v2\/media?parent=46643"}],"wp:term":[{"taxonomy":"category","embeddable":true,"href":"https:\/\/mediagroup.mx\/index.php\/wp-json\/wp\/v2\/categories?post=46643"},{"taxonomy":"post_tag","embeddable":true,"href":"https:\/\/mediagroup.mx\/index.php\/wp-json\/wp\/v2\/tags?post=46643"}],"curies":[{"name":"wp","href":"https:\/\/api.w.org\/{rel}","templated":true}]}}