{"id":46657,"date":"2023-06-26T20:45:39","date_gmt":"2023-06-26T20:45:39","guid":{"rendered":"https:\/\/new.mediagroup.mx\/index.php\/2023\/06\/26\/gobernador-da-bienvenida-a-encuentro-nacional-de-promotoras-y-promotores-comunitarios-del-dif\/"},"modified":"2023-06-26T20:45:39","modified_gmt":"2023-06-26T20:45:39","slug":"gobernador-da-bienvenida-a-encuentro-nacional-de-promotoras-y-promotores-comunitarios-del-dif","status":"publish","type":"post","link":"https:\/\/mediagroup.mx\/index.php\/2023\/06\/26\/gobernador-da-bienvenida-a-encuentro-nacional-de-promotoras-y-promotores-comunitarios-del-dif\/","title":{"rendered":"Gobernador da bienvenida a Encuentro Nacional de Promotoras y Promotores Comunitarios del DIF"},"content":{"rendered":"<p>El gobernador Alfredo Ram\u00edrez Bedolla y la directora del Sistema Nacional DIF, Nuria Fern\u00e1ndez Espresate, inauguraron el Encuentro Nacional de Promotoras y Promotores Comunitarios que se realizar\u00e1 en la capital michoacana hasta el pr\u00f3ximo 31 de marzo.<\/p>\n<p>Desde el Teatro Morelos del Centro de Convenciones y Exposiciones de Morelia, el mandatario destac\u00f3 la importancia de este encuentro para compartir experiencias en torno al trabajo comunitario y la recuperaci\u00f3n de la paz en las comunidades.<\/p>\n<p>Por su parte, Fern\u00e1ndez Espresate plante\u00f3 la importancia de la organizaci\u00f3n comunitaria para mejorar el bienestar de las comunidades y la inclusi\u00f3n en temas sobre salud mental dentro de la labor de los grupos para el desarrollo social y comunitario.<\/p>\n<p>Cabe mencionar que este Encuentro, se realiza en coordinaci\u00f3n con el Sistema DIF Nacional y los Sistemas DIF Estatales y los cuales desarrollar\u00e1n actividades como \u00abCoraz\u00f3n de la Comunidad\u201d, los talleres \u201cTejiendo Redes\u201d, \u201cLazos Comunitarios\u201d y la exposici\u00f3n de los proyectos \u201cAldea de Desarrollo\u201d; todo ello, sumado a eventos culturales y con la presencia de cocineras tradicionales.<\/p>\n<p>Por: Oscar Mendoza<\/p>\n","protected":false},"excerpt":{"rendered":"<p>El gobernador Alfredo Ram\u00edrez Bedolla y la directora del Sistema Nacional DIF, Nuria Fern\u00e1ndez Espresate, inauguraron el Encuentro Nacional de Promotoras y Promotores Comunitarios que se realizar\u00e1 en la capital michoacana hasta el pr\u00f3ximo 31 de marzo. Desde el Teatro Morelos del Centro de Convenciones y Exposiciones de Morelia, el mandatario destac\u00f3 la importancia de [&hellip;]<\/p>\n","protected":false},"author":1,"featured_media":46658,"comment_status":"open","ping_status":"open","sticky":false,"template":"","format":"standard","meta":{"om_disable_all_campaigns":false,"_monsterinsights_skip_tracking":false,"_monsterinsights_sitenote_active":false,"_monsterinsights_sitenote_note":"","_monsterinsights_sitenote_category":0,"_uf_show_specific_survey":0,"_uf_disable_surveys":false,"_jetpack_memberships_contains_paid_content":false,"footnotes":"","jetpack_publicize_message":"","jetpack_publicize_feature_enabled":true,"jetpack_social_post_already_shared":false,"jetpack_social_options":{"image_generator_settings":{"template":"highway","default_image_id":0,"enabled":false},"version":2}},"categories":[15],"tags":[],"class_list":{"0":"post-46657","1":"post","2":"type-post","3":"status-publish","4":"format-standard","5":"has-post-thumbnail","7":"category-michoacan"},"aioseo_notices":[],"jetpack_publicize_connections":[],"jetpack_featured_media_url":"https:\/\/mediagroup.mx\/wp-content\/uploads\/2023\/06\/58D9EBBB-D3F2-4299-BE55-183E83F65E99.jpeg","jetpack_sharing_enabled":true,"_links":{"self":[{"href":"https:\/\/mediagroup.mx\/index.php\/wp-json\/wp\/v2\/posts\/46657","targetHints":{"allow":["GET"]}}],"collection":[{"href":"https:\/\/mediagroup.mx\/index.php\/wp-json\/wp\/v2\/posts"}],"about":[{"href":"https:\/\/mediagroup.mx\/index.php\/wp-json\/wp\/v2\/types\/post"}],"author":[{"embeddable":true,"href":"https:\/\/mediagroup.mx\/index.php\/wp-json\/wp\/v2\/users\/1"}],"replies":[{"embeddable":true,"href":"https:\/\/mediagroup.mx\/index.php\/wp-json\/wp\/v2\/comments?post=46657"}],"version-history":[{"count":0,"href":"https:\/\/mediagroup.mx\/index.php\/wp-json\/wp\/v2\/posts\/46657\/revisions"}],"wp:featuredmedia":[{"embeddable":true,"href":"https:\/\/mediagroup.mx\/index.php\/wp-json\/wp\/v2\/media\/46658"}],"wp:attachment":[{"href":"https:\/\/mediagroup.mx\/index.php\/wp-json\/wp\/v2\/media?parent=46657"}],"wp:term":[{"taxonomy":"category","embeddable":true,"href":"https:\/\/mediagroup.mx\/index.php\/wp-json\/wp\/v2\/categories?post=46657"},{"taxonomy":"post_tag","embeddable":true,"href":"https:\/\/mediagroup.mx\/index.php\/wp-json\/wp\/v2\/tags?post=46657"}],"curies":[{"name":"wp","href":"https:\/\/api.w.org\/{rel}","templated":true}]}}