{"id":46660,"date":"2023-06-26T20:45:39","date_gmt":"2023-06-26T20:45:39","guid":{"rendered":"https:\/\/new.mediagroup.mx\/index.php\/2023\/06\/26\/abre-convocatoria-para-la-condecoracion-al-merito-juvenil-de-morelia\/"},"modified":"2023-06-26T20:45:39","modified_gmt":"2023-06-26T20:45:39","slug":"abre-convocatoria-para-la-condecoracion-al-merito-juvenil-de-morelia","status":"publish","type":"post","link":"https:\/\/mediagroup.mx\/index.php\/2023\/06\/26\/abre-convocatoria-para-la-condecoracion-al-merito-juvenil-de-morelia\/","title":{"rendered":"Abre convocatoria para la Condecoraci\u00f3n al M\u00e9rito Juvenil de Morelia"},"content":{"rendered":"<p>El Instituto de la Juventud Moreliana (IJUM) anunci\u00f3 en rueda de prensa la convocatoria para la Condecoraci\u00f3n al M\u00e9rito Juvenil 2023 para que universidades, instituciones acad\u00e9micas, organizaciones estudiantiles, deportivas, asociaciones y la sociedad en general propongan a los j\u00f3venes que resalten por sus m\u00e9ritos en actividades acad\u00e9micas, art\u00edstico-cultural, profesional, social, deportivo, discapacidad e integraci\u00f3n, tecnolog\u00eda y medio ambiente.<\/p>\n<p>Marisa Celeste Trujillo Maga\u00f1a, directora del IJUM, inform\u00f3 lo anterior y que los requisitos son ser propuesto por alguna de las instancias mencionadas, ser originario del municipio de Morelia, Michoac\u00e1n, o haber residido al menos 3 a\u00f1os previos a esta distinci\u00f3n y subir a meritojuvenil.morelia.gob.mx curr\u00edculum con soporte documental, semblanza, exposici\u00f3n de motivos donde se expongan los m\u00e9ritos y documentos personales del propuesto.<\/p>\n<p>Cabe se\u00f1alar que el ganador de cada categor\u00eda ser\u00e1 acreedor a 10 mil pesos y las inscripciones comenzaron el 27 de marzo y concluir\u00e1n el 23 de abril del presente a\u00f1o y los interesados podr\u00e1n comunicarse al tel\u00e9fono 3 12 27 35.<\/p>\n<p>Por: Jes\u00fas Gonz\u00e1lez<\/p>\n","protected":false},"excerpt":{"rendered":"<p>El Instituto de la Juventud Moreliana (IJUM) anunci\u00f3 en rueda de prensa la convocatoria para la Condecoraci\u00f3n al M\u00e9rito Juvenil 2023 para que universidades, instituciones acad\u00e9micas, organizaciones estudiantiles, deportivas, asociaciones y la sociedad en general propongan a los j\u00f3venes que resalten por sus m\u00e9ritos en actividades acad\u00e9micas, art\u00edstico-cultural, profesional, social, deportivo, discapacidad e integraci\u00f3n, tecnolog\u00eda [&hellip;]<\/p>\n","protected":false},"author":1,"featured_media":46661,"comment_status":"open","ping_status":"open","sticky":false,"template":"","format":"standard","meta":{"om_disable_all_campaigns":false,"_monsterinsights_skip_tracking":false,"_monsterinsights_sitenote_active":false,"_monsterinsights_sitenote_note":"","_monsterinsights_sitenote_category":0,"_uf_show_specific_survey":0,"_uf_disable_surveys":false,"_jetpack_memberships_contains_paid_content":false,"footnotes":"","jetpack_publicize_message":"","jetpack_publicize_feature_enabled":true,"jetpack_social_post_already_shared":false,"jetpack_social_options":{"image_generator_settings":{"template":"highway","default_image_id":0,"enabled":false},"version":2}},"categories":[17],"tags":[],"class_list":{"0":"post-46660","1":"post","2":"type-post","3":"status-publish","4":"format-standard","5":"has-post-thumbnail","7":"category-morelia"},"aioseo_notices":[],"jetpack_publicize_connections":[],"jetpack_featured_media_url":"https:\/\/mediagroup.mx\/wp-content\/uploads\/2023\/06\/DD2381E4-DE7B-4742-B4C5-5797D02EB8B6.jpeg","jetpack_sharing_enabled":true,"_links":{"self":[{"href":"https:\/\/mediagroup.mx\/index.php\/wp-json\/wp\/v2\/posts\/46660","targetHints":{"allow":["GET"]}}],"collection":[{"href":"https:\/\/mediagroup.mx\/index.php\/wp-json\/wp\/v2\/posts"}],"about":[{"href":"https:\/\/mediagroup.mx\/index.php\/wp-json\/wp\/v2\/types\/post"}],"author":[{"embeddable":true,"href":"https:\/\/mediagroup.mx\/index.php\/wp-json\/wp\/v2\/users\/1"}],"replies":[{"embeddable":true,"href":"https:\/\/mediagroup.mx\/index.php\/wp-json\/wp\/v2\/comments?post=46660"}],"version-history":[{"count":0,"href":"https:\/\/mediagroup.mx\/index.php\/wp-json\/wp\/v2\/posts\/46660\/revisions"}],"wp:featuredmedia":[{"embeddable":true,"href":"https:\/\/mediagroup.mx\/index.php\/wp-json\/wp\/v2\/media\/46661"}],"wp:attachment":[{"href":"https:\/\/mediagroup.mx\/index.php\/wp-json\/wp\/v2\/media?parent=46660"}],"wp:term":[{"taxonomy":"category","embeddable":true,"href":"https:\/\/mediagroup.mx\/index.php\/wp-json\/wp\/v2\/categories?post=46660"},{"taxonomy":"post_tag","embeddable":true,"href":"https:\/\/mediagroup.mx\/index.php\/wp-json\/wp\/v2\/tags?post=46660"}],"curies":[{"name":"wp","href":"https:\/\/api.w.org\/{rel}","templated":true}]}}