{"id":46662,"date":"2023-06-26T20:45:55","date_gmt":"2023-06-26T20:45:55","guid":{"rendered":"https:\/\/new.mediagroup.mx\/index.php\/2023\/06\/26\/periodistas-se-manifiestan-en-congreso-de-michoacan-por-amenazas-contra-reportera-por-parte-de-la-diputada-anabetel\/"},"modified":"2023-06-26T20:45:55","modified_gmt":"2023-06-26T20:45:55","slug":"periodistas-se-manifiestan-en-congreso-de-michoacan-por-amenazas-contra-reportera-por-parte-de-la-diputada-anabetel","status":"publish","type":"post","link":"https:\/\/mediagroup.mx\/index.php\/2023\/06\/26\/periodistas-se-manifiestan-en-congreso-de-michoacan-por-amenazas-contra-reportera-por-parte-de-la-diputada-anabetel\/","title":{"rendered":"Periodistas se manifiestan en Congreso de Michoac\u00e1n por amenazas contra reportera por parte de la diputada AnabetEl"},"content":{"rendered":"<p>Periodistas de diversos medios de comunicaci\u00f3n en el estado, se manifestaron la ma\u00f1ana de este martes en contra de la agresi\u00f3n denunciada por la reportera Guadalupe Mart\u00ednez Ocampo por parte de la diputada coordinadora del Grupo Parlamentario de Movimiento Regeneraci\u00f3n Nacional (MORENA) y presidenta de la Junta de Coordinaci\u00f3n Pol\u00edtica, Anabet Franco Carrizales ocurrida durante la sesi\u00f3n de este mi\u00e9rcoles.<\/p>\n<p>De acuerdo a lo denunciado por Guadalupe Mart\u00ednez, as\u00ed como otras testigos, la diputada se dirigi\u00f3 directamente a la reportera, tom\u00e1ndola por el hombro y cuestion\u00e1ndole si acaso ten\u00eda algo que decirle a la diputada, a lo que la periodista cuestion\u00f3 si acaso era una amenaza, a lo que la morenista contesto \u201ct\u00f3malo como gustes, coraz\u00f3n\u201d.<\/p>\n<p>Ante esto, las y los periodistas se manifestaron en el Palacio Legislativo, con pancartas y pa\u00f1uelos blancos y se\u00f1alando que este era un hecho vergonzoso para el Poder Legislativo y algo que no hab\u00eda ocurrido algo similar.<\/p>\n<p>Asimismo, se dio el reclamo de que se garantice la seguridad de los periodistas al interior del Palacio legislativo, adem\u00e1s de que se exigi\u00f3 que la mesa directiva, tambi\u00e9n presidida por MORENA, se posicionara respecto a esta, posicionamiento que nunca lleg\u00f3.<\/p>\n<p>Finalmente, se exigi\u00f3 que se d\u00e9 una disculpa p\u00fablica tanto a la reportera Guadalupe Mart\u00ednez, as\u00ed como a los medios que representa.<\/p>\n<p>Por: Miguel Santos<\/p>\n","protected":false},"excerpt":{"rendered":"<p>Periodistas de diversos medios de comunicaci\u00f3n en el estado, se manifestaron la ma\u00f1ana de este martes en contra de la agresi\u00f3n denunciada por la reportera Guadalupe Mart\u00ednez Ocampo por parte de la diputada coordinadora del Grupo Parlamentario de Movimiento Regeneraci\u00f3n Nacional (MORENA) y presidenta de la Junta de Coordinaci\u00f3n Pol\u00edtica, Anabet Franco Carrizales ocurrida durante [&hellip;]<\/p>\n","protected":false},"author":1,"featured_media":46663,"comment_status":"open","ping_status":"open","sticky":false,"template":"","format":"standard","meta":{"om_disable_all_campaigns":false,"_monsterinsights_skip_tracking":false,"_monsterinsights_sitenote_active":false,"_monsterinsights_sitenote_note":"","_monsterinsights_sitenote_category":0,"_uf_show_specific_survey":0,"_uf_disable_surveys":false,"_jetpack_memberships_contains_paid_content":false,"footnotes":"","jetpack_publicize_message":"","jetpack_publicize_feature_enabled":true,"jetpack_social_post_already_shared":false,"jetpack_social_options":{"image_generator_settings":{"template":"highway","default_image_id":0,"enabled":false},"version":2}},"categories":[15],"tags":[],"class_list":{"0":"post-46662","1":"post","2":"type-post","3":"status-publish","4":"format-standard","5":"has-post-thumbnail","7":"category-michoacan"},"aioseo_notices":[],"jetpack_publicize_connections":[],"jetpack_featured_media_url":"https:\/\/mediagroup.mx\/wp-content\/uploads\/2023\/06\/E8CA1384-4EF2-4BF2-8A98-93889E99CCA8.jpeg","jetpack_sharing_enabled":true,"_links":{"self":[{"href":"https:\/\/mediagroup.mx\/index.php\/wp-json\/wp\/v2\/posts\/46662","targetHints":{"allow":["GET"]}}],"collection":[{"href":"https:\/\/mediagroup.mx\/index.php\/wp-json\/wp\/v2\/posts"}],"about":[{"href":"https:\/\/mediagroup.mx\/index.php\/wp-json\/wp\/v2\/types\/post"}],"author":[{"embeddable":true,"href":"https:\/\/mediagroup.mx\/index.php\/wp-json\/wp\/v2\/users\/1"}],"replies":[{"embeddable":true,"href":"https:\/\/mediagroup.mx\/index.php\/wp-json\/wp\/v2\/comments?post=46662"}],"version-history":[{"count":0,"href":"https:\/\/mediagroup.mx\/index.php\/wp-json\/wp\/v2\/posts\/46662\/revisions"}],"wp:featuredmedia":[{"embeddable":true,"href":"https:\/\/mediagroup.mx\/index.php\/wp-json\/wp\/v2\/media\/46663"}],"wp:attachment":[{"href":"https:\/\/mediagroup.mx\/index.php\/wp-json\/wp\/v2\/media?parent=46662"}],"wp:term":[{"taxonomy":"category","embeddable":true,"href":"https:\/\/mediagroup.mx\/index.php\/wp-json\/wp\/v2\/categories?post=46662"},{"taxonomy":"post_tag","embeddable":true,"href":"https:\/\/mediagroup.mx\/index.php\/wp-json\/wp\/v2\/tags?post=46662"}],"curies":[{"name":"wp","href":"https:\/\/api.w.org\/{rel}","templated":true}]}}